{"id":876,"date":"2018-09-28T16:23:41","date_gmt":"2018-09-28T14:23:41","guid":{"rendered":"https:\/\/www.fabivt.it\/wp\/?p=876"},"modified":"2019-11-09T12:53:24","modified_gmt":"2019-11-09T11:53:24","slug":"fabi-viterbo-svolta-al-femminile","status":"publish","type":"post","link":"https:\/\/www.fabivt.it\/wp\/fabi-viterbo-svolta-al-femminile\/","title":{"rendered":"FABI Viterbo &#8211; Svolta al femminile"},"content":{"rendered":"\n<p>La FABI di Viterbo si evolve al femminile e d\u00e0 vita al Coordinamento \u201cla FABI per la donna\u201d.   L\u2019occasione per la presentazione ufficiale \u00e8 il convegno organizzato in una gremitissima Sala Regia del Comune.   A dare l\u2019avvio ai lavori, il saluto del sindaco di Viterbo, Giovanni Arena.   Quindi, il Segretario Generale FABI Lando Maria Sileoni, accolto da un caloroso applauso.   \u201cOggi nel settore bancario le donne rappresentano circa il 50% della forza lavoro, eppure quelle che arrivano ad occupare posizioni apicali sono sempre poche. Sono ancora troppe le distinzioni: il ruolo ricoperto, le responsabilit\u00e0 e le mansioni svolte \u2013 ha detto Sileoni -. Molta responsabilit\u00e0 la abbiamo noi uomini che spesso abbiamo un\u2019idea sbagliata delle donne; spesso pensiamo che non possano occuparsi di alcuni argomenti piuttosto che altri. Dall\u2019altra parte, per\u00f2, le donne devono prendere coscienza delle proprie capacit\u00e0 e lasciarsi alle spalle certi retaggi del passato. Perch\u00e9 sempre pi\u00f9 spesso dimostrano di essere pi\u00f9 capaci degli uomini. Oggi, le donne che ricoprono dei ruoli di prestigio hanno spesso lasciato indietro altri aspetti della propria vita, come quella familiare. In questo il sindacato pu\u00f2 aiutarle. E\u2019 nostro compito sostenerle per raggiungere i propri obiettivi\u201d.   Quindi il Segretario Generale non ha mancato di rappresentare la situazione del settore bancario, anche alla luce della presentazione da parte del Governo del Def e dei provvedimenti in materia bancaria.   Tra i saluti, il Consigliere Regionale Enrico Panunzi e il Segretario Provinciale FABI Paolo Capotosti.   Durante il convegno grande attenzione al progetto della FABI Viterbo, illustrato dalle stesse promotrici.   \u201cLa Fabi per la donna \u00e8 un Coordinamento aperto. Abbiamo pensato di creare un organismo che diventasse un punto di riferimento per le nostre colleghe. Qui oggi abbiamo invitato anche chi non \u00e8 iscritto al sindacato, proprio perch\u00e9 non vogliamo che qualcuno si senta escluso \u2013 spiegano dal Coordinamento, Paola Guerra, Francesca Gelsomini e Maria Maddalena Moneta -. Speriamo di poter essere di supporto per aiutare le donne a risolvere tutte quelle problematiche che ostacolano il loro benessere. Per questo stiamo costituendo una rete d\u2019ascolto alla quale contribuiranno diverse professionalit\u00e0\u201d.   Per parlare di problemi di genere due esperte: le Dottoresse Papalini e Mellino.   Gli argomenti sono vari, ma certo \u00e8 che l\u2019aspetto della maternit\u00e0, della famiglia, della cura degli anziani, la fanno da padrone nell\u2019ostacolare la realizzazione professionale delle donne. I dati ci dicono che le donne sono pi\u00f9 brave negli studi rispetto agli uomini, eppure quando \u00e8 il momento di inserirsi nel mondo del lavoro le proporzioni cambiano.   Per quanto riguarda la carriera, la maternit\u00e0 \u00e8 senza dubbio ancora l\u2019aspetto pi\u00f9 limitativo.   Quindi la parola, la Coordinatrice Nazionale FABI Donne, Cristiana De Pasquali.\u201dIl lavoro non \u00e8 solo una fonte di reddito, il lavoro determina una persona. E sempre pi\u00f9 spesso vediamo quanto sia pesante lo stress provocato dal lavoro. C\u2019\u00e8 un problema culturale che non \u00e8 facile da invertire. L\u2019Italia in questo \u00e8 ancora molto indietro, rispetto ad altri Paesi, specie quelli del Nord Europa. Sarebbe importante che gli uomini e le donne cominciassero a lavorare insieme. Cosa pu\u00f2 fare il sindacato? Il sindacato pu\u00f2 fare molto. Intanto pu\u00f2 educare le donne a difendersi, ad alzare la testa quando i loro diritti sono messi in discussione. Abbiamo fatto passi avanti, ma tanti ancora andranno fatti\u201d.   La chiusura spetta ancora a Sileoni con un invito alle donne: \u201cCoraggio, professionalit\u00e0, specializzazione e senso di appartenenza. Auguri!\u201d.    <\/p>\n\n\n\n<p>Viterbo, 28\/09\/2018 <\/p>\n","protected":false},"excerpt":{"rendered":"<p>La FABI di Viterbo si evolve al femminile e d\u00e0 vita al Coordinamento \u201cla FABI per la donna\u201d. L\u2019occasione per la presentazione ufficiale \u00e8 il convegno organizzato in una gremitissima<\/p>\n","protected":false},"author":1,"featured_media":877,"comment_status":"open","ping_status":"open","sticky":false,"template":"","format":"standard","meta":{"_acf_changed":false,"_jetpack_memberships_contains_paid_content":false,"footnotes":""},"categories":[240],"tags":[],"class_list":["post-876","post","type-post","status-publish","format-standard","has-post-thumbnail","hentry","category-coordinamento-donne"],"acf":[],"yoast_head":"<!-- This site is optimized with the Yoast SEO plugin v26.5 - https:\/\/yoast.com\/wordpress\/plugins\/seo\/ -->\r\n<title>FABI Viterbo - Svolta al femminile - FABI VITERBO<\/title>\r\n<meta name=\"robots\" content=\"index, follow, max-snippet:-1, max-image-preview:large, max-video-preview:-1\" \/>\r\n<link rel=\"canonical\" href=\"https:\/\/www.fabivt.it\/wp\/fabi-viterbo-svolta-al-femminile\/\" \/>\r\n<meta property=\"og:locale\" content=\"it_IT\" \/>\r\n<meta property=\"og:type\" content=\"article\" \/>\r\n<meta property=\"og:title\" content=\"FABI Viterbo - Svolta al femminile - FABI VITERBO\" \/>\r\n<meta property=\"og:description\" content=\"La FABI di Viterbo si evolve al femminile e d\u00e0 vita al Coordinamento \u201cla FABI per la donna\u201d. L\u2019occasione per la presentazione ufficiale \u00e8 il convegno organizzato in una gremitissima\" \/>\r\n<meta property=\"og:url\" content=\"https:\/\/www.fabivt.it\/wp\/fabi-viterbo-svolta-al-femminile\/\" \/>\r\n<meta property=\"og:site_name\" content=\"FABI VITERBO\" \/>\r\n<meta property=\"article:publisher\" content=\"https:\/\/www.facebook.com\/fabivt.it\" \/>\r\n<meta property=\"article:published_time\" content=\"2018-09-28T14:23:41+00:00\" \/>\r\n<meta property=\"article:modified_time\" content=\"2019-11-09T11:53:24+00:00\" \/>\r\n<meta property=\"og:image\" content=\"https:\/\/www.fabivt.it\/wp\/wp-content\/uploads\/2019\/11\/Coord_Donne_VT2.jpg\" \/>\r\n\t<meta property=\"og:image:width\" content=\"740\" \/>\r\n\t<meta property=\"og:image:height\" content=\"370\" \/>\r\n\t<meta property=\"og:image:type\" content=\"image\/jpeg\" \/>\r\n<meta name=\"author\" content=\"farfaricchio\" \/>\r\n<meta name=\"twitter:card\" content=\"summary_large_image\" \/>\r\n<meta name=\"twitter:creator\" content=\"@FABIVITERBO\" \/>\r\n<meta name=\"twitter:site\" content=\"@FABIVITERBO\" \/>\r\n<meta name=\"twitter:label1\" content=\"Scritto da\" \/>\n\t<meta name=\"twitter:data1\" content=\"farfaricchio\" \/>\n\t<meta name=\"twitter:label2\" content=\"Tempo di lettura stimato\" \/>\n\t<meta name=\"twitter:data2\" content=\"3 minuti\" \/>\r\n<script type=\"application\/ld+json\" class=\"yoast-schema-graph\">{\"@context\":\"https:\/\/schema.org\",\"@graph\":[{\"@type\":\"Article\",\"@id\":\"https:\/\/www.fabivt.it\/wp\/fabi-viterbo-svolta-al-femminile\/#article\",\"isPartOf\":{\"@id\":\"https:\/\/www.fabivt.it\/wp\/fabi-viterbo-svolta-al-femminile\/\"},\"author\":{\"name\":\"farfaricchio\",\"@id\":\"https:\/\/www.fabivt.it\/wp\/#\/schema\/person\/d352cbdee549b86c6581cb316d12f0aa\"},\"headline\":\"FABI Viterbo &#8211; Svolta al femminile\",\"datePublished\":\"2018-09-28T14:23:41+00:00\",\"dateModified\":\"2019-11-09T11:53:24+00:00\",\"mainEntityOfPage\":{\"@id\":\"https:\/\/www.fabivt.it\/wp\/fabi-viterbo-svolta-al-femminile\/\"},\"wordCount\":564,\"commentCount\":0,\"publisher\":{\"@id\":\"https:\/\/www.fabivt.it\/wp\/#organization\"},\"image\":{\"@id\":\"https:\/\/www.fabivt.it\/wp\/fabi-viterbo-svolta-al-femminile\/#primaryimage\"},\"thumbnailUrl\":\"https:\/\/www.fabivt.it\/wp\/wp-content\/uploads\/2019\/11\/Coord_Donne_VT2.jpg\",\"articleSection\":[\"Coordinamento Donne\"],\"inLanguage\":\"it-IT\",\"potentialAction\":[{\"@type\":\"CommentAction\",\"name\":\"Comment\",\"target\":[\"https:\/\/www.fabivt.it\/wp\/fabi-viterbo-svolta-al-femminile\/#respond\"]}]},{\"@type\":\"WebPage\",\"@id\":\"https:\/\/www.fabivt.it\/wp\/fabi-viterbo-svolta-al-femminile\/\",\"url\":\"https:\/\/www.fabivt.it\/wp\/fabi-viterbo-svolta-al-femminile\/\",\"name\":\"FABI Viterbo - Svolta al femminile - FABI VITERBO\",\"isPartOf\":{\"@id\":\"https:\/\/www.fabivt.it\/wp\/#website\"},\"primaryImageOfPage\":{\"@id\":\"https:\/\/www.fabivt.it\/wp\/fabi-viterbo-svolta-al-femminile\/#primaryimage\"},\"image\":{\"@id\":\"https:\/\/www.fabivt.it\/wp\/fabi-viterbo-svolta-al-femminile\/#primaryimage\"},\"thumbnailUrl\":\"https:\/\/www.fabivt.it\/wp\/wp-content\/uploads\/2019\/11\/Coord_Donne_VT2.jpg\",\"datePublished\":\"2018-09-28T14:23:41+00:00\",\"dateModified\":\"2019-11-09T11:53:24+00:00\",\"breadcrumb\":{\"@id\":\"https:\/\/www.fabivt.it\/wp\/fabi-viterbo-svolta-al-femminile\/#breadcrumb\"},\"inLanguage\":\"it-IT\",\"potentialAction\":[{\"@type\":\"ReadAction\",\"target\":[\"https:\/\/www.fabivt.it\/wp\/fabi-viterbo-svolta-al-femminile\/\"]}]},{\"@type\":\"ImageObject\",\"inLanguage\":\"it-IT\",\"@id\":\"https:\/\/www.fabivt.it\/wp\/fabi-viterbo-svolta-al-femminile\/#primaryimage\",\"url\":\"https:\/\/www.fabivt.it\/wp\/wp-content\/uploads\/2019\/11\/Coord_Donne_VT2.jpg\",\"contentUrl\":\"https:\/\/www.fabivt.it\/wp\/wp-content\/uploads\/2019\/11\/Coord_Donne_VT2.jpg\",\"width\":740,\"height\":370},{\"@type\":\"BreadcrumbList\",\"@id\":\"https:\/\/www.fabivt.it\/wp\/fabi-viterbo-svolta-al-femminile\/#breadcrumb\",\"itemListElement\":[{\"@type\":\"ListItem\",\"position\":1,\"name\":\"Home\",\"item\":\"https:\/\/www.fabivt.it\/wp\/\"},{\"@type\":\"ListItem\",\"position\":2,\"name\":\"FABI Viterbo &#8211; Svolta al femminile\"}]},{\"@type\":\"WebSite\",\"@id\":\"https:\/\/www.fabivt.it\/wp\/#website\",\"url\":\"https:\/\/www.fabivt.it\/wp\/\",\"name\":\"FABI - Federazione autonoma bancari Viterbo\",\"description\":\"Federazione Autonoma Bancari Italiani\",\"publisher\":{\"@id\":\"https:\/\/www.fabivt.it\/wp\/#organization\"},\"potentialAction\":[{\"@type\":\"SearchAction\",\"target\":{\"@type\":\"EntryPoint\",\"urlTemplate\":\"https:\/\/www.fabivt.it\/wp\/?s={search_term_string}\"},\"query-input\":{\"@type\":\"PropertyValueSpecification\",\"valueRequired\":true,\"valueName\":\"search_term_string\"}}],\"inLanguage\":\"it-IT\"},{\"@type\":\"Organization\",\"@id\":\"https:\/\/www.fabivt.it\/wp\/#organization\",\"name\":\"FABI\",\"url\":\"https:\/\/www.fabivt.it\/wp\/\",\"logo\":{\"@type\":\"ImageObject\",\"inLanguage\":\"it-IT\",\"@id\":\"https:\/\/www.fabivt.it\/wp\/#\/schema\/logo\/image\/\",\"url\":\"https:\/\/www.fabivt.it\/wp\/wp-content\/uploads\/2019\/11\/logo4.png\",\"contentUrl\":\"https:\/\/www.fabivt.it\/wp\/wp-content\/uploads\/2019\/11\/logo4.png\",\"width\":316,\"height\":320,\"caption\":\"FABI\"},\"image\":{\"@id\":\"https:\/\/www.fabivt.it\/wp\/#\/schema\/logo\/image\/\"},\"sameAs\":[\"https:\/\/www.facebook.com\/fabivt.it\",\"https:\/\/x.com\/FABIVITERBO\"]},{\"@type\":\"Person\",\"@id\":\"https:\/\/www.fabivt.it\/wp\/#\/schema\/person\/d352cbdee549b86c6581cb316d12f0aa\",\"name\":\"farfaricchio\",\"image\":{\"@type\":\"ImageObject\",\"inLanguage\":\"it-IT\",\"@id\":\"https:\/\/www.fabivt.it\/wp\/#\/schema\/person\/image\/\",\"url\":\"https:\/\/secure.gravatar.com\/avatar\/8954d9cbf5b0653fe62499177ddc1e886fec91050fba5f03386f377624385d4e?s=96&d=mm&r=g\",\"contentUrl\":\"https:\/\/secure.gravatar.com\/avatar\/8954d9cbf5b0653fe62499177ddc1e886fec91050fba5f03386f377624385d4e?s=96&d=mm&r=g\",\"caption\":\"farfaricchio\"},\"url\":\"https:\/\/www.fabivt.it\/wp\/author\/farfaricchio\/\"}]}<\/script>\r\n<!-- \/ Yoast SEO plugin. -->","yoast_head_json":{"title":"FABI Viterbo - Svolta al femminile - FABI VITERBO","robots":{"index":"index","follow":"follow","max-snippet":"max-snippet:-1","max-image-preview":"max-image-preview:large","max-video-preview":"max-video-preview:-1"},"canonical":"https:\/\/www.fabivt.it\/wp\/fabi-viterbo-svolta-al-femminile\/","og_locale":"it_IT","og_type":"article","og_title":"FABI Viterbo - Svolta al femminile - FABI VITERBO","og_description":"La FABI di Viterbo si evolve al femminile e d\u00e0 vita al Coordinamento \u201cla FABI per la donna\u201d. L\u2019occasione per la presentazione ufficiale \u00e8 il convegno organizzato in una gremitissima","og_url":"https:\/\/www.fabivt.it\/wp\/fabi-viterbo-svolta-al-femminile\/","og_site_name":"FABI VITERBO","article_publisher":"https:\/\/www.facebook.com\/fabivt.it","article_published_time":"2018-09-28T14:23:41+00:00","article_modified_time":"2019-11-09T11:53:24+00:00","og_image":[{"width":740,"height":370,"url":"https:\/\/www.fabivt.it\/wp\/wp-content\/uploads\/2019\/11\/Coord_Donne_VT2.jpg","type":"image\/jpeg"}],"author":"farfaricchio","twitter_card":"summary_large_image","twitter_creator":"@FABIVITERBO","twitter_site":"@FABIVITERBO","twitter_misc":{"Scritto da":"farfaricchio","Tempo di lettura stimato":"3 minuti"},"schema":{"@context":"https:\/\/schema.org","@graph":[{"@type":"Article","@id":"https:\/\/www.fabivt.it\/wp\/fabi-viterbo-svolta-al-femminile\/#article","isPartOf":{"@id":"https:\/\/www.fabivt.it\/wp\/fabi-viterbo-svolta-al-femminile\/"},"author":{"name":"farfaricchio","@id":"https:\/\/www.fabivt.it\/wp\/#\/schema\/person\/d352cbdee549b86c6581cb316d12f0aa"},"headline":"FABI Viterbo &#8211; Svolta al femminile","datePublished":"2018-09-28T14:23:41+00:00","dateModified":"2019-11-09T11:53:24+00:00","mainEntityOfPage":{"@id":"https:\/\/www.fabivt.it\/wp\/fabi-viterbo-svolta-al-femminile\/"},"wordCount":564,"commentCount":0,"publisher":{"@id":"https:\/\/www.fabivt.it\/wp\/#organization"},"image":{"@id":"https:\/\/www.fabivt.it\/wp\/fabi-viterbo-svolta-al-femminile\/#primaryimage"},"thumbnailUrl":"https:\/\/www.fabivt.it\/wp\/wp-content\/uploads\/2019\/11\/Coord_Donne_VT2.jpg","articleSection":["Coordinamento Donne"],"inLanguage":"it-IT","potentialAction":[{"@type":"CommentAction","name":"Comment","target":["https:\/\/www.fabivt.it\/wp\/fabi-viterbo-svolta-al-femminile\/#respond"]}]},{"@type":"WebPage","@id":"https:\/\/www.fabivt.it\/wp\/fabi-viterbo-svolta-al-femminile\/","url":"https:\/\/www.fabivt.it\/wp\/fabi-viterbo-svolta-al-femminile\/","name":"FABI Viterbo - Svolta al femminile - FABI VITERBO","isPartOf":{"@id":"https:\/\/www.fabivt.it\/wp\/#website"},"primaryImageOfPage":{"@id":"https:\/\/www.fabivt.it\/wp\/fabi-viterbo-svolta-al-femminile\/#primaryimage"},"image":{"@id":"https:\/\/www.fabivt.it\/wp\/fabi-viterbo-svolta-al-femminile\/#primaryimage"},"thumbnailUrl":"https:\/\/www.fabivt.it\/wp\/wp-content\/uploads\/2019\/11\/Coord_Donne_VT2.jpg","datePublished":"2018-09-28T14:23:41+00:00","dateModified":"2019-11-09T11:53:24+00:00","breadcrumb":{"@id":"https:\/\/www.fabivt.it\/wp\/fabi-viterbo-svolta-al-femminile\/#breadcrumb"},"inLanguage":"it-IT","potentialAction":[{"@type":"ReadAction","target":["https:\/\/www.fabivt.it\/wp\/fabi-viterbo-svolta-al-femminile\/"]}]},{"@type":"ImageObject","inLanguage":"it-IT","@id":"https:\/\/www.fabivt.it\/wp\/fabi-viterbo-svolta-al-femminile\/#primaryimage","url":"https:\/\/www.fabivt.it\/wp\/wp-content\/uploads\/2019\/11\/Coord_Donne_VT2.jpg","contentUrl":"https:\/\/www.fabivt.it\/wp\/wp-content\/uploads\/2019\/11\/Coord_Donne_VT2.jpg","width":740,"height":370},{"@type":"BreadcrumbList","@id":"https:\/\/www.fabivt.it\/wp\/fabi-viterbo-svolta-al-femminile\/#breadcrumb","itemListElement":[{"@type":"ListItem","position":1,"name":"Home","item":"https:\/\/www.fabivt.it\/wp\/"},{"@type":"ListItem","position":2,"name":"FABI Viterbo &#8211; Svolta al femminile"}]},{"@type":"WebSite","@id":"https:\/\/www.fabivt.it\/wp\/#website","url":"https:\/\/www.fabivt.it\/wp\/","name":"FABI - Federazione autonoma bancari Viterbo","description":"Federazione Autonoma Bancari Italiani","publisher":{"@id":"https:\/\/www.fabivt.it\/wp\/#organization"},"potentialAction":[{"@type":"SearchAction","target":{"@type":"EntryPoint","urlTemplate":"https:\/\/www.fabivt.it\/wp\/?s={search_term_string}"},"query-input":{"@type":"PropertyValueSpecification","valueRequired":true,"valueName":"search_term_string"}}],"inLanguage":"it-IT"},{"@type":"Organization","@id":"https:\/\/www.fabivt.it\/wp\/#organization","name":"FABI","url":"https:\/\/www.fabivt.it\/wp\/","logo":{"@type":"ImageObject","inLanguage":"it-IT","@id":"https:\/\/www.fabivt.it\/wp\/#\/schema\/logo\/image\/","url":"https:\/\/www.fabivt.it\/wp\/wp-content\/uploads\/2019\/11\/logo4.png","contentUrl":"https:\/\/www.fabivt.it\/wp\/wp-content\/uploads\/2019\/11\/logo4.png","width":316,"height":320,"caption":"FABI"},"image":{"@id":"https:\/\/www.fabivt.it\/wp\/#\/schema\/logo\/image\/"},"sameAs":["https:\/\/www.facebook.com\/fabivt.it","https:\/\/x.com\/FABIVITERBO"]},{"@type":"Person","@id":"https:\/\/www.fabivt.it\/wp\/#\/schema\/person\/d352cbdee549b86c6581cb316d12f0aa","name":"farfaricchio","image":{"@type":"ImageObject","inLanguage":"it-IT","@id":"https:\/\/www.fabivt.it\/wp\/#\/schema\/person\/image\/","url":"https:\/\/secure.gravatar.com\/avatar\/8954d9cbf5b0653fe62499177ddc1e886fec91050fba5f03386f377624385d4e?s=96&d=mm&r=g","contentUrl":"https:\/\/secure.gravatar.com\/avatar\/8954d9cbf5b0653fe62499177ddc1e886fec91050fba5f03386f377624385d4e?s=96&d=mm&r=g","caption":"farfaricchio"},"url":"https:\/\/www.fabivt.it\/wp\/author\/farfaricchio\/"}]}},"jetpack_featured_media_url":"https:\/\/www.fabivt.it\/wp\/wp-content\/uploads\/2019\/11\/Coord_Donne_VT2.jpg","jetpack_sharing_enabled":true,"_links":{"self":[{"href":"https:\/\/www.fabivt.it\/wp\/wp-json\/wp\/v2\/posts\/876","targetHints":{"allow":["GET"]}}],"collection":[{"href":"https:\/\/www.fabivt.it\/wp\/wp-json\/wp\/v2\/posts"}],"about":[{"href":"https:\/\/www.fabivt.it\/wp\/wp-json\/wp\/v2\/types\/post"}],"author":[{"embeddable":true,"href":"https:\/\/www.fabivt.it\/wp\/wp-json\/wp\/v2\/users\/1"}],"replies":[{"embeddable":true,"href":"https:\/\/www.fabivt.it\/wp\/wp-json\/wp\/v2\/comments?post=876"}],"version-history":[{"count":2,"href":"https:\/\/www.fabivt.it\/wp\/wp-json\/wp\/v2\/posts\/876\/revisions"}],"predecessor-version":[{"id":925,"href":"https:\/\/www.fabivt.it\/wp\/wp-json\/wp\/v2\/posts\/876\/revisions\/925"}],"wp:featuredmedia":[{"embeddable":true,"href":"https:\/\/www.fabivt.it\/wp\/wp-json\/wp\/v2\/media\/877"}],"wp:attachment":[{"href":"https:\/\/www.fabivt.it\/wp\/wp-json\/wp\/v2\/media?parent=876"}],"wp:term":[{"taxonomy":"category","embeddable":true,"href":"https:\/\/www.fabivt.it\/wp\/wp-json\/wp\/v2\/categories?post=876"},{"taxonomy":"post_tag","embeddable":true,"href":"https:\/\/www.fabivt.it\/wp\/wp-json\/wp\/v2\/tags?post=876"}],"curies":[{"name":"wp","href":"https:\/\/api.w.org\/{rel}","templated":true}]}}