{"id":2690,"date":"2023-01-14T13:43:18","date_gmt":"2023-01-14T12:43:18","guid":{"rendered":"https:\/\/www.fabivt.it\/wp\/?p=2690"},"modified":"2023-01-19T20:48:54","modified_gmt":"2023-01-19T19:48:54","slug":"fabi-a-viterbo-record-di-iscritti","status":"publish","type":"post","link":"https:\/\/www.fabivt.it\/wp\/fabi-a-viterbo-record-di-iscritti\/","title":{"rendered":"FABI, a Viterbo record di iscritti"},"content":{"rendered":"<p>Record di iscritti per la Fabi di Viterbo con l\u201984% di iscritti: 1.050 tessere sul totale di 1.250 lavoratrici e lavoratori nelle banche del territorio. Il Sab viterbese chiude il 2022 con la percentuale pi\u00f9 alta di iscrizioni fra tutte le strutture provinciali della Federazione autonoma bancari italiani.<\/p>\n<p>\u00abSe oggi siamo il primo sindacato dei bancari \u00e8 grazie all\u2019impegno e alla costanza che tutti voi mettete nel vostro lavoro quotidiano\u00bb ha detto Sileoni rivolto ad una folta platea che lo ha ascoltato con la massima attenzione, rivolgendogli domande e osservazioni a cui il segretario generale ha risposto puntualmente.<\/p>\n<p>\u00abIl peso specifico che oggi ha la Fabi ci consente di essere un importante punto di riferimento all\u2019interno e all\u2019esterno del settore perch\u00e9 da tempo, ormai, ci occupiamo anche di tutto il contorno e dei risvolti del mondo bancario sulle famiglie, i territori, le imprese. Il risparmio tradito \u00e8 stato al centro delle nostre iniziative perch\u00e9 vogliamo una forte assunzione di responsabilit\u00e0, anche della politica. Ed \u00e8 per questo che siamo stati ascoltati in commissione parlamentare d\u2019inchiesta. Il nostro sguardo vigile e attento \u00e8 stato rivolto anche alla clientela e la massiccia presenza sulla stampa e le televisioni ha rilanciato le nostre posizioni dandogli un\u2019eco mai vista prima\u00bb.<\/p>\n<p>Sileoni ha quindi fatto una sintesi del variegato panorama socio politico ed economico che riguarda il settore bancario: dal ruolo predominante che svolge la Bce con la sua regia, all\u2019importanza del rinnovo contrattuale per i dipendenti, dall\u2019avanzare della tecnologia e del fintech, alla riscoperta del rapporto umano, l\u2019unica chiave da ricercare ancora nell\u2019ottica del servizio pubblico indispensabile che la banca deve ricoprire.<\/p>\n<p>Quindi la parola al segretario provinciale della Fabi Viterbo, Paolo Capotosti che ha ringraziato la segreteria generale e nazionale per la costante presenza sui territori, un elemento che da forza e stabilit\u00e0 a tutta l\u2019Organizzazione: una macchina fatta dai tanti dirigenti che ogni giorno lavorano al fianco dei lavoratori per tutelarli in questo momento delicato e di trasformazione del settore bancario.<\/p>\n<p>\u00abAbbiamo appena salutato il 2022 \u2013 ha detto Capotosti \u2013 un anno che nonostante le difficolt\u00e0 a livello nazionale e internazionale ha portato nuovi successi e grandi soddisfazioni alla Fabi di Viterbo. Grazie al lavoro dei dirigenti provinciali, e grazie all\u2019impegno di tutti gli iscritti abbiamo raggiunto traguardi inimmaginabili. Il vostro attaccamento, la vostra fedelt\u00e0 hanno di fatto contagiato molti altri colleghi. E questo \u00e8 successo \u2013 ha continuato \u2013 perch\u00e9 siete consapevoli di essere nel sindacato giusto, nel sindacato vero, nella Fabi\u00bb.<\/p>\n<p>\u00abSiamo cresciuti insieme \u2013 ha detto Capotosti \u2013 inaugurando nuove rappresentanze aziendali laddove nessuno era mai riuscito, abbiamo rafforzato la nostra presenza e rappresentanza in tutti gli istituti di credito: in Intesa Sanpaolo dove siamo molto oltre la maggioranza assoluta, al Monte dei Paschi, in Unicredit, ai BPER, in Blu Banca, al Banco Desio, nel Credito Emiliano, in tutte le banche di credito cooperativo presenti sul territorio. \u00c8 di qualche giorno fa la notizia della costituzione di una nuova RSA presso la BCC di Roma a Viterbo, cosa impensabile fino a poco tempo fa vista l\u2019esiguit\u00e0 degli addetti sul territorio. Abbiamo raddoppiato la nostra presenza in Agenzia delle Entrate Riscossione. Questa \u00e8 la dimostrazione \u2013 ha concluso Capotosti \u2013 che la Fabi \u00e8 il sindacato di tutti, il vero sindacato del credito\u00bb.<\/p>\n<p>Viterbo, 14 gennaio 2023<\/p>\n<p>&nbsp;<\/p>\n<p style=\"text-align: center;\"><strong>Elenco Direttivo Provinciale Fabi Viterbo 2023<\/strong><\/p>\n<p>&nbsp;<\/p>\n<p>Sileoni Lando Maria\u00a0 \u00a0 \u00a0 \u00a0 \u00a0 Coordinatore<\/p>\n<p>Barbieri Andrea<\/p>\n<p>Barbieri Paolo<\/p>\n<p>Basili Sabrina<\/p>\n<p>Bruni Ernesto<\/p>\n<p>Capotosti Paolo<\/p>\n<p>Cappelli Silvio<\/p>\n<p>Cavalieri Marco<\/p>\n<p>Cianchella Diletta<\/p>\n<p>Ciarlanti Marco<\/p>\n<p>Citarei Ilaria<\/p>\n<p>Clarioni Marco<\/p>\n<p>Colavalle Loretta<\/p>\n<p>Dandolo Mario<\/p>\n<p>Fabrizi Marco<\/p>\n<p>Ferrazzani Ferrazzano<\/p>\n<p>Fiacchi Fabio<\/p>\n<p>Filesi Giuseppe<\/p>\n<p>Fonghini Bruno<\/p>\n<p>Grottanelli Andrea<\/p>\n<p>Guerra Paola<\/p>\n<p>Lanzi Silvia<\/p>\n<p>Lazzari Ugo<\/p>\n<p>Lefevre Ilaria<\/p>\n<p>Loffredo Tiziano<\/p>\n<p>Manini Ilenia<\/p>\n<p>Maurizi Saverio<\/p>\n<p>Melica Leonardo<\/p>\n<p>Milioni Stefano<\/p>\n<p>Minciotti Lorenzo<\/p>\n<p>Moneta Maria Maddalena<\/p>\n<p>Multarti Stefano<\/p>\n<p>Nepi Carlo<\/p>\n<p>Patara Massimo<\/p>\n<p>Pelliccia Fabrizio<\/p>\n<p>Piras Patrizio<\/p>\n<p>Ricci Carlo<\/p>\n<p>Romaldo Andrea<\/p>\n<p>Ronca Aldo<\/p>\n<p>Sabatini Omar<\/p>\n<p>Sensi Arnaldo<\/p>\n<p>Serafini Iacopo<\/p>\n<p>Serafini Guglielmo<\/p>\n<p>Sileoni Sandra<\/p>\n<p>Squarcia Martina<\/p>\n<p>Strada Bianca Maria<\/p>\n<p>Tranquilli Vinicio<\/p>\n<p>Uttinacci Marco<\/p>\n<p>Zappacosta Enrico<\/p>\n<p>Zoco Mario<\/p>\n<p>&nbsp;<\/p>\n<p style=\"text-align: center;\"><iframe loading=\"lazy\"  id=\"_ytid_14182\"  width=\"640\" height=\"360\"  data-origwidth=\"640\" data-origheight=\"360\" src=\"https:\/\/www.youtube.com\/embed\/pzMY3-yooek?enablejsapi=1&autoplay=0&cc_load_policy=0&cc_lang_pref=&iv_load_policy=1&loop=0&rel=1&fs=1&playsinline=0&autohide=2&theme=dark&color=red&controls=1&disablekb=0&\" class=\"__youtube_prefs__  no-lazyload\" title=\"YouTube player\"  allow=\"fullscreen; accelerometer; autoplay; clipboard-write; encrypted-media; gyroscope; picture-in-picture; web-share\" referrerpolicy=\"strict-origin-when-cross-origin\" allowfullscreen data-no-lazy=\"1\" data-skipgform_ajax_framebjll=\"\"><\/iframe><\/p>\n<p>&nbsp;<\/p>\n<div id='gallery-1' class='gallery galleryid-2690 gallery-columns-3 gallery-size-thumbnail'><figure class='gallery-item'>\n\t\t\t<div class='gallery-icon landscape'>\n\t\t\t\t<a href='https:\/\/www.fabivt.it\/wp\/fabi-a-viterbo-record-di-iscritti\/whatsapp-image-2023-01-14-at-12-21-07-1\/'><img loading=\"lazy\" decoding=\"async\" width=\"150\" height=\"150\" src=\"https:\/\/www.fabivt.it\/wp\/wp-content\/uploads\/2023\/01\/WhatsApp-Image-2023-01-14-at-12.21.07-1-150x150.jpeg\" class=\"attachment-thumbnail size-thumbnail\" alt=\"\" srcset=\"https:\/\/www.fabivt.it\/wp\/wp-content\/uploads\/2023\/01\/WhatsApp-Image-2023-01-14-at-12.21.07-1-150x150.jpeg 150w, https:\/\/www.fabivt.it\/wp\/wp-content\/uploads\/2023\/01\/WhatsApp-Image-2023-01-14-at-12.21.07-1-300x300.jpeg 300w, https:\/\/www.fabivt.it\/wp\/wp-content\/uploads\/2023\/01\/WhatsApp-Image-2023-01-14-at-12.21.07-1-100x100.jpeg 100w\" sizes=\"auto, (max-width: 150px) 100vw, 150px\" \/><\/a>\n\t\t\t<\/div><\/figure><figure class='gallery-item'>\n\t\t\t<div class='gallery-icon landscape'>\n\t\t\t\t<a href='https:\/\/www.fabivt.it\/wp\/fabi-a-viterbo-record-di-iscritti\/whatsapp-image-2023-01-14-at-12-21-08\/'><img loading=\"lazy\" decoding=\"async\" width=\"150\" height=\"150\" src=\"https:\/\/www.fabivt.it\/wp\/wp-content\/uploads\/2023\/01\/WhatsApp-Image-2023-01-14-at-12.21.08-150x150.jpeg\" class=\"attachment-thumbnail size-thumbnail\" alt=\"\" srcset=\"https:\/\/www.fabivt.it\/wp\/wp-content\/uploads\/2023\/01\/WhatsApp-Image-2023-01-14-at-12.21.08-150x150.jpeg 150w, https:\/\/www.fabivt.it\/wp\/wp-content\/uploads\/2023\/01\/WhatsApp-Image-2023-01-14-at-12.21.08-300x300.jpeg 300w, https:\/\/www.fabivt.it\/wp\/wp-content\/uploads\/2023\/01\/WhatsApp-Image-2023-01-14-at-12.21.08-100x100.jpeg 100w\" sizes=\"auto, (max-width: 150px) 100vw, 150px\" \/><\/a>\n\t\t\t<\/div><\/figure><figure class='gallery-item'>\n\t\t\t<div class='gallery-icon landscape'>\n\t\t\t\t<a href='https:\/\/www.fabivt.it\/wp\/fabi-a-viterbo-record-di-iscritti\/whatsapp-image-2023-01-14-at-12-21-08-1\/'><img loading=\"lazy\" decoding=\"async\" width=\"150\" height=\"150\" src=\"https:\/\/www.fabivt.it\/wp\/wp-content\/uploads\/2023\/01\/WhatsApp-Image-2023-01-14-at-12.21.08-1-150x150.jpeg\" class=\"attachment-thumbnail size-thumbnail\" alt=\"\" srcset=\"https:\/\/www.fabivt.it\/wp\/wp-content\/uploads\/2023\/01\/WhatsApp-Image-2023-01-14-at-12.21.08-1-150x150.jpeg 150w, https:\/\/www.fabivt.it\/wp\/wp-content\/uploads\/2023\/01\/WhatsApp-Image-2023-01-14-at-12.21.08-1-300x300.jpeg 300w, https:\/\/www.fabivt.it\/wp\/wp-content\/uploads\/2023\/01\/WhatsApp-Image-2023-01-14-at-12.21.08-1-100x100.jpeg 100w\" sizes=\"auto, (max-width: 150px) 100vw, 150px\" \/><\/a>\n\t\t\t<\/div><\/figure>\n\t\t<\/div>\n\n","protected":false},"excerpt":{"rendered":"<p>Record di iscritti per la Fabi di Viterbo con l\u201984% di iscritti: 1.050 tessere sul totale di 1.250 lavoratrici e lavoratori nelle banche del territorio. Il Sab viterbese chiude il<\/p>\n","protected":false},"author":3,"featured_media":2691,"comment_status":"open","ping_status":"open","sticky":false,"template":"","format":"standard","meta":{"_acf_changed":false,"_jetpack_memberships_contains_paid_content":false,"footnotes":""},"categories":[239,248],"tags":[],"class_list":["post-2690","post","type-post","status-publish","format-standard","has-post-thumbnail","hentry","category-congressi","category-eventi"],"acf":[],"yoast_head":"<!-- This site is optimized with the Yoast SEO plugin v26.5 - https:\/\/yoast.com\/wordpress\/plugins\/seo\/ -->\r\n<title>FABI, a Viterbo record di iscritti - FABI VITERBO<\/title>\r\n<meta name=\"robots\" content=\"index, follow, max-snippet:-1, max-image-preview:large, max-video-preview:-1\" \/>\r\n<link rel=\"canonical\" href=\"https:\/\/www.fabivt.it\/wp\/fabi-a-viterbo-record-di-iscritti\/\" \/>\r\n<meta property=\"og:locale\" content=\"it_IT\" \/>\r\n<meta property=\"og:type\" content=\"article\" \/>\r\n<meta property=\"og:title\" content=\"FABI, a Viterbo record di iscritti - FABI VITERBO\" \/>\r\n<meta property=\"og:description\" content=\"Record di iscritti per la Fabi di Viterbo con l\u201984% di iscritti: 1.050 tessere sul totale di 1.250 lavoratrici e lavoratori nelle banche del territorio. Il Sab viterbese chiude il\" \/>\r\n<meta property=\"og:url\" content=\"https:\/\/www.fabivt.it\/wp\/fabi-a-viterbo-record-di-iscritti\/\" \/>\r\n<meta property=\"og:site_name\" content=\"FABI VITERBO\" \/>\r\n<meta property=\"article:publisher\" content=\"https:\/\/www.facebook.com\/fabivt.it\" \/>\r\n<meta property=\"article:published_time\" content=\"2023-01-14T12:43:18+00:00\" \/>\r\n<meta property=\"article:modified_time\" content=\"2023-01-19T19:48:54+00:00\" \/>\r\n<meta property=\"og:image\" content=\"https:\/\/www.fabivt.it\/wp\/wp-content\/uploads\/2023\/01\/WhatsApp-Image-2023-01-14-at-12.21.07.jpeg\" \/>\r\n\t<meta property=\"og:image:width\" content=\"1024\" \/>\r\n\t<meta property=\"og:image:height\" content=\"768\" \/>\r\n\t<meta property=\"og:image:type\" content=\"image\/jpeg\" \/>\r\n<meta name=\"author\" content=\"Redazione Fabi\" \/>\r\n<meta name=\"twitter:card\" content=\"summary_large_image\" \/>\r\n<meta name=\"twitter:creator\" content=\"@FABIVITERBO\" \/>\r\n<meta name=\"twitter:site\" content=\"@FABIVITERBO\" \/>\r\n<meta name=\"twitter:label1\" content=\"Scritto da\" \/>\n\t<meta name=\"twitter:data1\" content=\"Redazione Fabi\" \/>\n\t<meta name=\"twitter:label2\" content=\"Tempo di lettura stimato\" \/>\n\t<meta name=\"twitter:data2\" content=\"4 minuti\" \/>\r\n<script type=\"application\/ld+json\" class=\"yoast-schema-graph\">{\"@context\":\"https:\/\/schema.org\",\"@graph\":[{\"@type\":\"Article\",\"@id\":\"https:\/\/www.fabivt.it\/wp\/fabi-a-viterbo-record-di-iscritti\/#article\",\"isPartOf\":{\"@id\":\"https:\/\/www.fabivt.it\/wp\/fabi-a-viterbo-record-di-iscritti\/\"},\"author\":{\"name\":\"Redazione Fabi\",\"@id\":\"https:\/\/www.fabivt.it\/wp\/#\/schema\/person\/597a66507fe15fe7bce3508477db1188\"},\"headline\":\"FABI, a Viterbo record di iscritti\",\"datePublished\":\"2023-01-14T12:43:18+00:00\",\"dateModified\":\"2023-01-19T19:48:54+00:00\",\"mainEntityOfPage\":{\"@id\":\"https:\/\/www.fabivt.it\/wp\/fabi-a-viterbo-record-di-iscritti\/\"},\"wordCount\":669,\"commentCount\":0,\"publisher\":{\"@id\":\"https:\/\/www.fabivt.it\/wp\/#organization\"},\"image\":{\"@id\":\"https:\/\/www.fabivt.it\/wp\/fabi-a-viterbo-record-di-iscritti\/#primaryimage\"},\"thumbnailUrl\":\"https:\/\/www.fabivt.it\/wp\/wp-content\/uploads\/2023\/01\/WhatsApp-Image-2023-01-14-at-12.21.07.jpeg\",\"articleSection\":[\"Congressi\",\"Eventi\"],\"inLanguage\":\"it-IT\",\"potentialAction\":[{\"@type\":\"CommentAction\",\"name\":\"Comment\",\"target\":[\"https:\/\/www.fabivt.it\/wp\/fabi-a-viterbo-record-di-iscritti\/#respond\"]}]},{\"@type\":\"WebPage\",\"@id\":\"https:\/\/www.fabivt.it\/wp\/fabi-a-viterbo-record-di-iscritti\/\",\"url\":\"https:\/\/www.fabivt.it\/wp\/fabi-a-viterbo-record-di-iscritti\/\",\"name\":\"FABI, a Viterbo record di iscritti - FABI VITERBO\",\"isPartOf\":{\"@id\":\"https:\/\/www.fabivt.it\/wp\/#website\"},\"primaryImageOfPage\":{\"@id\":\"https:\/\/www.fabivt.it\/wp\/fabi-a-viterbo-record-di-iscritti\/#primaryimage\"},\"image\":{\"@id\":\"https:\/\/www.fabivt.it\/wp\/fabi-a-viterbo-record-di-iscritti\/#primaryimage\"},\"thumbnailUrl\":\"https:\/\/www.fabivt.it\/wp\/wp-content\/uploads\/2023\/01\/WhatsApp-Image-2023-01-14-at-12.21.07.jpeg\",\"datePublished\":\"2023-01-14T12:43:18+00:00\",\"dateModified\":\"2023-01-19T19:48:54+00:00\",\"breadcrumb\":{\"@id\":\"https:\/\/www.fabivt.it\/wp\/fabi-a-viterbo-record-di-iscritti\/#breadcrumb\"},\"inLanguage\":\"it-IT\",\"potentialAction\":[{\"@type\":\"ReadAction\",\"target\":[\"https:\/\/www.fabivt.it\/wp\/fabi-a-viterbo-record-di-iscritti\/\"]}]},{\"@type\":\"ImageObject\",\"inLanguage\":\"it-IT\",\"@id\":\"https:\/\/www.fabivt.it\/wp\/fabi-a-viterbo-record-di-iscritti\/#primaryimage\",\"url\":\"https:\/\/www.fabivt.it\/wp\/wp-content\/uploads\/2023\/01\/WhatsApp-Image-2023-01-14-at-12.21.07.jpeg\",\"contentUrl\":\"https:\/\/www.fabivt.it\/wp\/wp-content\/uploads\/2023\/01\/WhatsApp-Image-2023-01-14-at-12.21.07.jpeg\",\"width\":1024,\"height\":768},{\"@type\":\"BreadcrumbList\",\"@id\":\"https:\/\/www.fabivt.it\/wp\/fabi-a-viterbo-record-di-iscritti\/#breadcrumb\",\"itemListElement\":[{\"@type\":\"ListItem\",\"position\":1,\"name\":\"Home\",\"item\":\"https:\/\/www.fabivt.it\/wp\/\"},{\"@type\":\"ListItem\",\"position\":2,\"name\":\"FABI, a Viterbo record di iscritti\"}]},{\"@type\":\"WebSite\",\"@id\":\"https:\/\/www.fabivt.it\/wp\/#website\",\"url\":\"https:\/\/www.fabivt.it\/wp\/\",\"name\":\"FABI - Federazione autonoma bancari Viterbo\",\"description\":\"Federazione Autonoma Bancari Italiani\",\"publisher\":{\"@id\":\"https:\/\/www.fabivt.it\/wp\/#organization\"},\"potentialAction\":[{\"@type\":\"SearchAction\",\"target\":{\"@type\":\"EntryPoint\",\"urlTemplate\":\"https:\/\/www.fabivt.it\/wp\/?s={search_term_string}\"},\"query-input\":{\"@type\":\"PropertyValueSpecification\",\"valueRequired\":true,\"valueName\":\"search_term_string\"}}],\"inLanguage\":\"it-IT\"},{\"@type\":\"Organization\",\"@id\":\"https:\/\/www.fabivt.it\/wp\/#organization\",\"name\":\"FABI\",\"url\":\"https:\/\/www.fabivt.it\/wp\/\",\"logo\":{\"@type\":\"ImageObject\",\"inLanguage\":\"it-IT\",\"@id\":\"https:\/\/www.fabivt.it\/wp\/#\/schema\/logo\/image\/\",\"url\":\"https:\/\/www.fabivt.it\/wp\/wp-content\/uploads\/2019\/11\/logo4.png\",\"contentUrl\":\"https:\/\/www.fabivt.it\/wp\/wp-content\/uploads\/2019\/11\/logo4.png\",\"width\":316,\"height\":320,\"caption\":\"FABI\"},\"image\":{\"@id\":\"https:\/\/www.fabivt.it\/wp\/#\/schema\/logo\/image\/\"},\"sameAs\":[\"https:\/\/www.facebook.com\/fabivt.it\",\"https:\/\/x.com\/FABIVITERBO\"]},{\"@type\":\"Person\",\"@id\":\"https:\/\/www.fabivt.it\/wp\/#\/schema\/person\/597a66507fe15fe7bce3508477db1188\",\"name\":\"Redazione Fabi\",\"image\":{\"@type\":\"ImageObject\",\"inLanguage\":\"it-IT\",\"@id\":\"https:\/\/www.fabivt.it\/wp\/#\/schema\/person\/image\/\",\"url\":\"https:\/\/secure.gravatar.com\/avatar\/2e631c69cdab369cbd1a3c6e2c225f8d8889deea49544ec033021c2235151f9b?s=96&d=mm&r=g\",\"contentUrl\":\"https:\/\/secure.gravatar.com\/avatar\/2e631c69cdab369cbd1a3c6e2c225f8d8889deea49544ec033021c2235151f9b?s=96&d=mm&r=g\",\"caption\":\"Redazione Fabi\"},\"url\":\"https:\/\/www.fabivt.it\/wp\/author\/redazione-fabi\/\"}]}<\/script>\r\n<!-- \/ Yoast SEO plugin. -->","yoast_head_json":{"title":"FABI, a Viterbo record di iscritti - FABI VITERBO","robots":{"index":"index","follow":"follow","max-snippet":"max-snippet:-1","max-image-preview":"max-image-preview:large","max-video-preview":"max-video-preview:-1"},"canonical":"https:\/\/www.fabivt.it\/wp\/fabi-a-viterbo-record-di-iscritti\/","og_locale":"it_IT","og_type":"article","og_title":"FABI, a Viterbo record di iscritti - FABI VITERBO","og_description":"Record di iscritti per la Fabi di Viterbo con l\u201984% di iscritti: 1.050 tessere sul totale di 1.250 lavoratrici e lavoratori nelle banche del territorio. Il Sab viterbese chiude il","og_url":"https:\/\/www.fabivt.it\/wp\/fabi-a-viterbo-record-di-iscritti\/","og_site_name":"FABI VITERBO","article_publisher":"https:\/\/www.facebook.com\/fabivt.it","article_published_time":"2023-01-14T12:43:18+00:00","article_modified_time":"2023-01-19T19:48:54+00:00","og_image":[{"width":1024,"height":768,"url":"https:\/\/www.fabivt.it\/wp\/wp-content\/uploads\/2023\/01\/WhatsApp-Image-2023-01-14-at-12.21.07.jpeg","type":"image\/jpeg"}],"author":"Redazione Fabi","twitter_card":"summary_large_image","twitter_creator":"@FABIVITERBO","twitter_site":"@FABIVITERBO","twitter_misc":{"Scritto da":"Redazione Fabi","Tempo di lettura stimato":"4 minuti"},"schema":{"@context":"https:\/\/schema.org","@graph":[{"@type":"Article","@id":"https:\/\/www.fabivt.it\/wp\/fabi-a-viterbo-record-di-iscritti\/#article","isPartOf":{"@id":"https:\/\/www.fabivt.it\/wp\/fabi-a-viterbo-record-di-iscritti\/"},"author":{"name":"Redazione Fabi","@id":"https:\/\/www.fabivt.it\/wp\/#\/schema\/person\/597a66507fe15fe7bce3508477db1188"},"headline":"FABI, a Viterbo record di iscritti","datePublished":"2023-01-14T12:43:18+00:00","dateModified":"2023-01-19T19:48:54+00:00","mainEntityOfPage":{"@id":"https:\/\/www.fabivt.it\/wp\/fabi-a-viterbo-record-di-iscritti\/"},"wordCount":669,"commentCount":0,"publisher":{"@id":"https:\/\/www.fabivt.it\/wp\/#organization"},"image":{"@id":"https:\/\/www.fabivt.it\/wp\/fabi-a-viterbo-record-di-iscritti\/#primaryimage"},"thumbnailUrl":"https:\/\/www.fabivt.it\/wp\/wp-content\/uploads\/2023\/01\/WhatsApp-Image-2023-01-14-at-12.21.07.jpeg","articleSection":["Congressi","Eventi"],"inLanguage":"it-IT","potentialAction":[{"@type":"CommentAction","name":"Comment","target":["https:\/\/www.fabivt.it\/wp\/fabi-a-viterbo-record-di-iscritti\/#respond"]}]},{"@type":"WebPage","@id":"https:\/\/www.fabivt.it\/wp\/fabi-a-viterbo-record-di-iscritti\/","url":"https:\/\/www.fabivt.it\/wp\/fabi-a-viterbo-record-di-iscritti\/","name":"FABI, a Viterbo record di iscritti - FABI VITERBO","isPartOf":{"@id":"https:\/\/www.fabivt.it\/wp\/#website"},"primaryImageOfPage":{"@id":"https:\/\/www.fabivt.it\/wp\/fabi-a-viterbo-record-di-iscritti\/#primaryimage"},"image":{"@id":"https:\/\/www.fabivt.it\/wp\/fabi-a-viterbo-record-di-iscritti\/#primaryimage"},"thumbnailUrl":"https:\/\/www.fabivt.it\/wp\/wp-content\/uploads\/2023\/01\/WhatsApp-Image-2023-01-14-at-12.21.07.jpeg","datePublished":"2023-01-14T12:43:18+00:00","dateModified":"2023-01-19T19:48:54+00:00","breadcrumb":{"@id":"https:\/\/www.fabivt.it\/wp\/fabi-a-viterbo-record-di-iscritti\/#breadcrumb"},"inLanguage":"it-IT","potentialAction":[{"@type":"ReadAction","target":["https:\/\/www.fabivt.it\/wp\/fabi-a-viterbo-record-di-iscritti\/"]}]},{"@type":"ImageObject","inLanguage":"it-IT","@id":"https:\/\/www.fabivt.it\/wp\/fabi-a-viterbo-record-di-iscritti\/#primaryimage","url":"https:\/\/www.fabivt.it\/wp\/wp-content\/uploads\/2023\/01\/WhatsApp-Image-2023-01-14-at-12.21.07.jpeg","contentUrl":"https:\/\/www.fabivt.it\/wp\/wp-content\/uploads\/2023\/01\/WhatsApp-Image-2023-01-14-at-12.21.07.jpeg","width":1024,"height":768},{"@type":"BreadcrumbList","@id":"https:\/\/www.fabivt.it\/wp\/fabi-a-viterbo-record-di-iscritti\/#breadcrumb","itemListElement":[{"@type":"ListItem","position":1,"name":"Home","item":"https:\/\/www.fabivt.it\/wp\/"},{"@type":"ListItem","position":2,"name":"FABI, a Viterbo record di iscritti"}]},{"@type":"WebSite","@id":"https:\/\/www.fabivt.it\/wp\/#website","url":"https:\/\/www.fabivt.it\/wp\/","name":"FABI - Federazione autonoma bancari Viterbo","description":"Federazione Autonoma Bancari Italiani","publisher":{"@id":"https:\/\/www.fabivt.it\/wp\/#organization"},"potentialAction":[{"@type":"SearchAction","target":{"@type":"EntryPoint","urlTemplate":"https:\/\/www.fabivt.it\/wp\/?s={search_term_string}"},"query-input":{"@type":"PropertyValueSpecification","valueRequired":true,"valueName":"search_term_string"}}],"inLanguage":"it-IT"},{"@type":"Organization","@id":"https:\/\/www.fabivt.it\/wp\/#organization","name":"FABI","url":"https:\/\/www.fabivt.it\/wp\/","logo":{"@type":"ImageObject","inLanguage":"it-IT","@id":"https:\/\/www.fabivt.it\/wp\/#\/schema\/logo\/image\/","url":"https:\/\/www.fabivt.it\/wp\/wp-content\/uploads\/2019\/11\/logo4.png","contentUrl":"https:\/\/www.fabivt.it\/wp\/wp-content\/uploads\/2019\/11\/logo4.png","width":316,"height":320,"caption":"FABI"},"image":{"@id":"https:\/\/www.fabivt.it\/wp\/#\/schema\/logo\/image\/"},"sameAs":["https:\/\/www.facebook.com\/fabivt.it","https:\/\/x.com\/FABIVITERBO"]},{"@type":"Person","@id":"https:\/\/www.fabivt.it\/wp\/#\/schema\/person\/597a66507fe15fe7bce3508477db1188","name":"Redazione Fabi","image":{"@type":"ImageObject","inLanguage":"it-IT","@id":"https:\/\/www.fabivt.it\/wp\/#\/schema\/person\/image\/","url":"https:\/\/secure.gravatar.com\/avatar\/2e631c69cdab369cbd1a3c6e2c225f8d8889deea49544ec033021c2235151f9b?s=96&d=mm&r=g","contentUrl":"https:\/\/secure.gravatar.com\/avatar\/2e631c69cdab369cbd1a3c6e2c225f8d8889deea49544ec033021c2235151f9b?s=96&d=mm&r=g","caption":"Redazione Fabi"},"url":"https:\/\/www.fabivt.it\/wp\/author\/redazione-fabi\/"}]}},"jetpack_featured_media_url":"https:\/\/www.fabivt.it\/wp\/wp-content\/uploads\/2023\/01\/WhatsApp-Image-2023-01-14-at-12.21.07.jpeg","jetpack_sharing_enabled":true,"_links":{"self":[{"href":"https:\/\/www.fabivt.it\/wp\/wp-json\/wp\/v2\/posts\/2690","targetHints":{"allow":["GET"]}}],"collection":[{"href":"https:\/\/www.fabivt.it\/wp\/wp-json\/wp\/v2\/posts"}],"about":[{"href":"https:\/\/www.fabivt.it\/wp\/wp-json\/wp\/v2\/types\/post"}],"author":[{"embeddable":true,"href":"https:\/\/www.fabivt.it\/wp\/wp-json\/wp\/v2\/users\/3"}],"replies":[{"embeddable":true,"href":"https:\/\/www.fabivt.it\/wp\/wp-json\/wp\/v2\/comments?post=2690"}],"version-history":[{"count":4,"href":"https:\/\/www.fabivt.it\/wp\/wp-json\/wp\/v2\/posts\/2690\/revisions"}],"predecessor-version":[{"id":2708,"href":"https:\/\/www.fabivt.it\/wp\/wp-json\/wp\/v2\/posts\/2690\/revisions\/2708"}],"wp:featuredmedia":[{"embeddable":true,"href":"https:\/\/www.fabivt.it\/wp\/wp-json\/wp\/v2\/media\/2691"}],"wp:attachment":[{"href":"https:\/\/www.fabivt.it\/wp\/wp-json\/wp\/v2\/media?parent=2690"}],"wp:term":[{"taxonomy":"category","embeddable":true,"href":"https:\/\/www.fabivt.it\/wp\/wp-json\/wp\/v2\/categories?post=2690"},{"taxonomy":"post_tag","embeddable":true,"href":"https:\/\/www.fabivt.it\/wp\/wp-json\/wp\/v2\/tags?post=2690"}],"curies":[{"name":"wp","href":"https:\/\/api.w.org\/{rel}","templated":true}]}}