{"id":2433,"date":"2020-12-19T16:23:01","date_gmt":"2020-12-19T15:23:01","guid":{"rendered":"https:\/\/www.fabivt.it\/wp\/?p=2433"},"modified":"2020-12-19T16:23:01","modified_gmt":"2020-12-19T15:23:01","slug":"un-ramo-della-banca-popolare-del-lazio-confluisce-nella-banca-sviluppo-tuscia","status":"publish","type":"post","link":"https:\/\/www.fabivt.it\/wp\/un-ramo-della-banca-popolare-del-lazio-confluisce-nella-banca-sviluppo-tuscia\/","title":{"rendered":"Un ramo della Banca popolare del Lazio confluisce nella Banca sviluppo Tuscia"},"content":{"rendered":"<p>Velletri \u2013 Un ramo della Banca Popolare del Lazio confluisce nella Banca Sviluppo Tuscia.<br \/>\nNei giorni scorsi il consiglio di amministrazione di BpL \u2013 Banca popolare del Lazio, con sede a Velletri e capitanata da Massimo Lucidi, ha approvato l\u2019implementazione di un complesso progetto di riorganizzazione del gruppo bancario di riferimento, che prevede, tra le altre cose, il conferimento nella propria controllata BST \u2013 Banca Sviluppo Tuscia di un ramo d\u2019azienda di titolarit\u00e0 della societ\u00e0, costituito da 51 filiali operanti nelle aree di Frascati, Latina, Roma e Velletri, insieme a 236 risorse umane operanti nelle stesse pi\u00f9 una quota parte delle strutture e delle risorse attualmente Banca Popolare del Lazio Soc. Coop. per Azioni dove sono impiegate 53 risorse per un totale complessivo di 289 dipendenti.<br \/>\nOvviamente il coordinamento e il controllo rimangono in mano alla capogruppo Banca popolare del Lazio.<br \/>\nBsT \u2013 Banca sviluppo Tuscia, controparte nell\u2019operazione, infatti, \u00e8 una societ\u00e0 il cui capitale sociale \u00e8 detenuto per il 92,50% da parte di BpL \u2013 Banca popolare del Lazio, e dunque controllata dalla stessa, per cui il Conferimento rientra tra le \u201coperazioni con societ\u00e0 controllate\u201d.<br \/>\nLa delibera adottata da parte del consiglio di amministrazione, riguardante la realizzazione del progetto nel suo complesso e del Conferimento nello specifico, \u00e8 scritto in un comunicato stampa della banca, \u201c\u2026risultano subordinati al ricevimento da parte della Banca d\u2019Italia del provvedimento di accertamento ai sensi dell\u2019art. 56, TUB ed alla conseguente approvazione da parte dell\u2019Assemblea Straordinaria della controllata BsT \u2013 Banca sviluppo Tuscia\u201d.<\/p>\n<p>Silvio Cappelli<\/p>\n","protected":false},"excerpt":{"rendered":"<p>Velletri \u2013 Un ramo della Banca Popolare del Lazio confluisce nella Banca Sviluppo Tuscia. Nei giorni scorsi il consiglio di amministrazione di BpL \u2013 Banca popolare del Lazio, con sede<\/p>\n","protected":false},"author":3,"featured_media":2434,"comment_status":"open","ping_status":"open","sticky":false,"template":"","format":"standard","meta":{"_acf_changed":false,"_jetpack_memberships_contains_paid_content":false,"footnotes":""},"categories":[340,263],"tags":[],"class_list":["post-2433","post","type-post","status-publish","format-standard","has-post-thumbnail","hentry","category-banca-sviluppo-tuscia","category-banche-e-istituti-di-credito-della-provincia-di-viterbo"],"acf":[],"yoast_head":"<!-- This site is optimized with the Yoast SEO plugin v26.5 - https:\/\/yoast.com\/wordpress\/plugins\/seo\/ -->\r\n<title>Un ramo della Banca popolare del Lazio confluisce nella Banca sviluppo Tuscia - FABI VITERBO<\/title>\r\n<meta name=\"robots\" content=\"index, follow, max-snippet:-1, max-image-preview:large, max-video-preview:-1\" \/>\r\n<link rel=\"canonical\" href=\"https:\/\/www.fabivt.it\/wp\/un-ramo-della-banca-popolare-del-lazio-confluisce-nella-banca-sviluppo-tuscia\/\" \/>\r\n<meta property=\"og:locale\" content=\"it_IT\" \/>\r\n<meta property=\"og:type\" content=\"article\" \/>\r\n<meta property=\"og:title\" content=\"Un ramo della Banca popolare del Lazio confluisce nella Banca sviluppo Tuscia - FABI VITERBO\" \/>\r\n<meta property=\"og:description\" content=\"Velletri \u2013 Un ramo della Banca Popolare del Lazio confluisce nella Banca Sviluppo Tuscia. Nei giorni scorsi il consiglio di amministrazione di BpL \u2013 Banca popolare del Lazio, con sede\" \/>\r\n<meta property=\"og:url\" content=\"https:\/\/www.fabivt.it\/wp\/un-ramo-della-banca-popolare-del-lazio-confluisce-nella-banca-sviluppo-tuscia\/\" \/>\r\n<meta property=\"og:site_name\" content=\"FABI VITERBO\" \/>\r\n<meta property=\"article:publisher\" content=\"https:\/\/www.facebook.com\/fabivt.it\" \/>\r\n<meta property=\"article:published_time\" content=\"2020-12-19T15:23:01+00:00\" \/>\r\n<meta property=\"og:image\" content=\"https:\/\/www.fabivt.it\/wp\/wp-content\/uploads\/2020\/12\/banca_sviluppo_tuscia.jpg\" \/>\r\n\t<meta property=\"og:image:width\" content=\"550\" \/>\r\n\t<meta property=\"og:image:height\" content=\"411\" \/>\r\n\t<meta property=\"og:image:type\" content=\"image\/jpeg\" \/>\r\n<meta name=\"author\" content=\"Redazione Fabi\" \/>\r\n<meta name=\"twitter:card\" content=\"summary_large_image\" \/>\r\n<meta name=\"twitter:creator\" content=\"@FABIVITERBO\" \/>\r\n<meta name=\"twitter:site\" content=\"@FABIVITERBO\" \/>\r\n<meta name=\"twitter:label1\" content=\"Scritto da\" \/>\n\t<meta name=\"twitter:data1\" content=\"Redazione Fabi\" \/>\n\t<meta name=\"twitter:label2\" content=\"Tempo di lettura stimato\" \/>\n\t<meta name=\"twitter:data2\" content=\"1 minuto\" \/>\r\n<script type=\"application\/ld+json\" class=\"yoast-schema-graph\">{\"@context\":\"https:\/\/schema.org\",\"@graph\":[{\"@type\":\"Article\",\"@id\":\"https:\/\/www.fabivt.it\/wp\/un-ramo-della-banca-popolare-del-lazio-confluisce-nella-banca-sviluppo-tuscia\/#article\",\"isPartOf\":{\"@id\":\"https:\/\/www.fabivt.it\/wp\/un-ramo-della-banca-popolare-del-lazio-confluisce-nella-banca-sviluppo-tuscia\/\"},\"author\":{\"name\":\"Redazione Fabi\",\"@id\":\"https:\/\/www.fabivt.it\/wp\/#\/schema\/person\/597a66507fe15fe7bce3508477db1188\"},\"headline\":\"Un ramo della Banca popolare del Lazio confluisce nella Banca sviluppo Tuscia\",\"datePublished\":\"2020-12-19T15:23:01+00:00\",\"mainEntityOfPage\":{\"@id\":\"https:\/\/www.fabivt.it\/wp\/un-ramo-della-banca-popolare-del-lazio-confluisce-nella-banca-sviluppo-tuscia\/\"},\"wordCount\":254,\"commentCount\":0,\"publisher\":{\"@id\":\"https:\/\/www.fabivt.it\/wp\/#organization\"},\"image\":{\"@id\":\"https:\/\/www.fabivt.it\/wp\/un-ramo-della-banca-popolare-del-lazio-confluisce-nella-banca-sviluppo-tuscia\/#primaryimage\"},\"thumbnailUrl\":\"https:\/\/www.fabivt.it\/wp\/wp-content\/uploads\/2020\/12\/banca_sviluppo_tuscia.jpg\",\"articleSection\":[\"Banca Sviluppo Tuscia\",\"banche\"],\"inLanguage\":\"it-IT\",\"potentialAction\":[{\"@type\":\"CommentAction\",\"name\":\"Comment\",\"target\":[\"https:\/\/www.fabivt.it\/wp\/un-ramo-della-banca-popolare-del-lazio-confluisce-nella-banca-sviluppo-tuscia\/#respond\"]}]},{\"@type\":\"WebPage\",\"@id\":\"https:\/\/www.fabivt.it\/wp\/un-ramo-della-banca-popolare-del-lazio-confluisce-nella-banca-sviluppo-tuscia\/\",\"url\":\"https:\/\/www.fabivt.it\/wp\/un-ramo-della-banca-popolare-del-lazio-confluisce-nella-banca-sviluppo-tuscia\/\",\"name\":\"Un ramo della Banca popolare del Lazio confluisce nella Banca sviluppo Tuscia - FABI VITERBO\",\"isPartOf\":{\"@id\":\"https:\/\/www.fabivt.it\/wp\/#website\"},\"primaryImageOfPage\":{\"@id\":\"https:\/\/www.fabivt.it\/wp\/un-ramo-della-banca-popolare-del-lazio-confluisce-nella-banca-sviluppo-tuscia\/#primaryimage\"},\"image\":{\"@id\":\"https:\/\/www.fabivt.it\/wp\/un-ramo-della-banca-popolare-del-lazio-confluisce-nella-banca-sviluppo-tuscia\/#primaryimage\"},\"thumbnailUrl\":\"https:\/\/www.fabivt.it\/wp\/wp-content\/uploads\/2020\/12\/banca_sviluppo_tuscia.jpg\",\"datePublished\":\"2020-12-19T15:23:01+00:00\",\"breadcrumb\":{\"@id\":\"https:\/\/www.fabivt.it\/wp\/un-ramo-della-banca-popolare-del-lazio-confluisce-nella-banca-sviluppo-tuscia\/#breadcrumb\"},\"inLanguage\":\"it-IT\",\"potentialAction\":[{\"@type\":\"ReadAction\",\"target\":[\"https:\/\/www.fabivt.it\/wp\/un-ramo-della-banca-popolare-del-lazio-confluisce-nella-banca-sviluppo-tuscia\/\"]}]},{\"@type\":\"ImageObject\",\"inLanguage\":\"it-IT\",\"@id\":\"https:\/\/www.fabivt.it\/wp\/un-ramo-della-banca-popolare-del-lazio-confluisce-nella-banca-sviluppo-tuscia\/#primaryimage\",\"url\":\"https:\/\/www.fabivt.it\/wp\/wp-content\/uploads\/2020\/12\/banca_sviluppo_tuscia.jpg\",\"contentUrl\":\"https:\/\/www.fabivt.it\/wp\/wp-content\/uploads\/2020\/12\/banca_sviluppo_tuscia.jpg\",\"width\":550,\"height\":411,\"caption\":\"Banca Sviluppo Tuscia assemblea soci\"},{\"@type\":\"BreadcrumbList\",\"@id\":\"https:\/\/www.fabivt.it\/wp\/un-ramo-della-banca-popolare-del-lazio-confluisce-nella-banca-sviluppo-tuscia\/#breadcrumb\",\"itemListElement\":[{\"@type\":\"ListItem\",\"position\":1,\"name\":\"Home\",\"item\":\"https:\/\/www.fabivt.it\/wp\/\"},{\"@type\":\"ListItem\",\"position\":2,\"name\":\"Un ramo della Banca popolare del Lazio confluisce nella Banca sviluppo Tuscia\"}]},{\"@type\":\"WebSite\",\"@id\":\"https:\/\/www.fabivt.it\/wp\/#website\",\"url\":\"https:\/\/www.fabivt.it\/wp\/\",\"name\":\"FABI - Federazione autonoma bancari Viterbo\",\"description\":\"Federazione Autonoma Bancari Italiani\",\"publisher\":{\"@id\":\"https:\/\/www.fabivt.it\/wp\/#organization\"},\"potentialAction\":[{\"@type\":\"SearchAction\",\"target\":{\"@type\":\"EntryPoint\",\"urlTemplate\":\"https:\/\/www.fabivt.it\/wp\/?s={search_term_string}\"},\"query-input\":{\"@type\":\"PropertyValueSpecification\",\"valueRequired\":true,\"valueName\":\"search_term_string\"}}],\"inLanguage\":\"it-IT\"},{\"@type\":\"Organization\",\"@id\":\"https:\/\/www.fabivt.it\/wp\/#organization\",\"name\":\"FABI\",\"url\":\"https:\/\/www.fabivt.it\/wp\/\",\"logo\":{\"@type\":\"ImageObject\",\"inLanguage\":\"it-IT\",\"@id\":\"https:\/\/www.fabivt.it\/wp\/#\/schema\/logo\/image\/\",\"url\":\"https:\/\/www.fabivt.it\/wp\/wp-content\/uploads\/2019\/11\/logo4.png\",\"contentUrl\":\"https:\/\/www.fabivt.it\/wp\/wp-content\/uploads\/2019\/11\/logo4.png\",\"width\":316,\"height\":320,\"caption\":\"FABI\"},\"image\":{\"@id\":\"https:\/\/www.fabivt.it\/wp\/#\/schema\/logo\/image\/\"},\"sameAs\":[\"https:\/\/www.facebook.com\/fabivt.it\",\"https:\/\/x.com\/FABIVITERBO\"]},{\"@type\":\"Person\",\"@id\":\"https:\/\/www.fabivt.it\/wp\/#\/schema\/person\/597a66507fe15fe7bce3508477db1188\",\"name\":\"Redazione Fabi\",\"image\":{\"@type\":\"ImageObject\",\"inLanguage\":\"it-IT\",\"@id\":\"https:\/\/www.fabivt.it\/wp\/#\/schema\/person\/image\/\",\"url\":\"https:\/\/secure.gravatar.com\/avatar\/2e631c69cdab369cbd1a3c6e2c225f8d8889deea49544ec033021c2235151f9b?s=96&d=mm&r=g\",\"contentUrl\":\"https:\/\/secure.gravatar.com\/avatar\/2e631c69cdab369cbd1a3c6e2c225f8d8889deea49544ec033021c2235151f9b?s=96&d=mm&r=g\",\"caption\":\"Redazione Fabi\"},\"url\":\"https:\/\/www.fabivt.it\/wp\/author\/redazione-fabi\/\"}]}<\/script>\r\n<!-- \/ Yoast SEO plugin. -->","yoast_head_json":{"title":"Un ramo della Banca popolare del Lazio confluisce nella Banca sviluppo Tuscia - FABI VITERBO","robots":{"index":"index","follow":"follow","max-snippet":"max-snippet:-1","max-image-preview":"max-image-preview:large","max-video-preview":"max-video-preview:-1"},"canonical":"https:\/\/www.fabivt.it\/wp\/un-ramo-della-banca-popolare-del-lazio-confluisce-nella-banca-sviluppo-tuscia\/","og_locale":"it_IT","og_type":"article","og_title":"Un ramo della Banca popolare del Lazio confluisce nella Banca sviluppo Tuscia - FABI VITERBO","og_description":"Velletri \u2013 Un ramo della Banca Popolare del Lazio confluisce nella Banca Sviluppo Tuscia. Nei giorni scorsi il consiglio di amministrazione di BpL \u2013 Banca popolare del Lazio, con sede","og_url":"https:\/\/www.fabivt.it\/wp\/un-ramo-della-banca-popolare-del-lazio-confluisce-nella-banca-sviluppo-tuscia\/","og_site_name":"FABI VITERBO","article_publisher":"https:\/\/www.facebook.com\/fabivt.it","article_published_time":"2020-12-19T15:23:01+00:00","og_image":[{"width":550,"height":411,"url":"https:\/\/www.fabivt.it\/wp\/wp-content\/uploads\/2020\/12\/banca_sviluppo_tuscia.jpg","type":"image\/jpeg"}],"author":"Redazione Fabi","twitter_card":"summary_large_image","twitter_creator":"@FABIVITERBO","twitter_site":"@FABIVITERBO","twitter_misc":{"Scritto da":"Redazione Fabi","Tempo di lettura stimato":"1 minuto"},"schema":{"@context":"https:\/\/schema.org","@graph":[{"@type":"Article","@id":"https:\/\/www.fabivt.it\/wp\/un-ramo-della-banca-popolare-del-lazio-confluisce-nella-banca-sviluppo-tuscia\/#article","isPartOf":{"@id":"https:\/\/www.fabivt.it\/wp\/un-ramo-della-banca-popolare-del-lazio-confluisce-nella-banca-sviluppo-tuscia\/"},"author":{"name":"Redazione Fabi","@id":"https:\/\/www.fabivt.it\/wp\/#\/schema\/person\/597a66507fe15fe7bce3508477db1188"},"headline":"Un ramo della Banca popolare del Lazio confluisce nella Banca sviluppo Tuscia","datePublished":"2020-12-19T15:23:01+00:00","mainEntityOfPage":{"@id":"https:\/\/www.fabivt.it\/wp\/un-ramo-della-banca-popolare-del-lazio-confluisce-nella-banca-sviluppo-tuscia\/"},"wordCount":254,"commentCount":0,"publisher":{"@id":"https:\/\/www.fabivt.it\/wp\/#organization"},"image":{"@id":"https:\/\/www.fabivt.it\/wp\/un-ramo-della-banca-popolare-del-lazio-confluisce-nella-banca-sviluppo-tuscia\/#primaryimage"},"thumbnailUrl":"https:\/\/www.fabivt.it\/wp\/wp-content\/uploads\/2020\/12\/banca_sviluppo_tuscia.jpg","articleSection":["Banca Sviluppo Tuscia","banche"],"inLanguage":"it-IT","potentialAction":[{"@type":"CommentAction","name":"Comment","target":["https:\/\/www.fabivt.it\/wp\/un-ramo-della-banca-popolare-del-lazio-confluisce-nella-banca-sviluppo-tuscia\/#respond"]}]},{"@type":"WebPage","@id":"https:\/\/www.fabivt.it\/wp\/un-ramo-della-banca-popolare-del-lazio-confluisce-nella-banca-sviluppo-tuscia\/","url":"https:\/\/www.fabivt.it\/wp\/un-ramo-della-banca-popolare-del-lazio-confluisce-nella-banca-sviluppo-tuscia\/","name":"Un ramo della Banca popolare del Lazio confluisce nella Banca sviluppo Tuscia - FABI VITERBO","isPartOf":{"@id":"https:\/\/www.fabivt.it\/wp\/#website"},"primaryImageOfPage":{"@id":"https:\/\/www.fabivt.it\/wp\/un-ramo-della-banca-popolare-del-lazio-confluisce-nella-banca-sviluppo-tuscia\/#primaryimage"},"image":{"@id":"https:\/\/www.fabivt.it\/wp\/un-ramo-della-banca-popolare-del-lazio-confluisce-nella-banca-sviluppo-tuscia\/#primaryimage"},"thumbnailUrl":"https:\/\/www.fabivt.it\/wp\/wp-content\/uploads\/2020\/12\/banca_sviluppo_tuscia.jpg","datePublished":"2020-12-19T15:23:01+00:00","breadcrumb":{"@id":"https:\/\/www.fabivt.it\/wp\/un-ramo-della-banca-popolare-del-lazio-confluisce-nella-banca-sviluppo-tuscia\/#breadcrumb"},"inLanguage":"it-IT","potentialAction":[{"@type":"ReadAction","target":["https:\/\/www.fabivt.it\/wp\/un-ramo-della-banca-popolare-del-lazio-confluisce-nella-banca-sviluppo-tuscia\/"]}]},{"@type":"ImageObject","inLanguage":"it-IT","@id":"https:\/\/www.fabivt.it\/wp\/un-ramo-della-banca-popolare-del-lazio-confluisce-nella-banca-sviluppo-tuscia\/#primaryimage","url":"https:\/\/www.fabivt.it\/wp\/wp-content\/uploads\/2020\/12\/banca_sviluppo_tuscia.jpg","contentUrl":"https:\/\/www.fabivt.it\/wp\/wp-content\/uploads\/2020\/12\/banca_sviluppo_tuscia.jpg","width":550,"height":411,"caption":"Banca Sviluppo Tuscia assemblea soci"},{"@type":"BreadcrumbList","@id":"https:\/\/www.fabivt.it\/wp\/un-ramo-della-banca-popolare-del-lazio-confluisce-nella-banca-sviluppo-tuscia\/#breadcrumb","itemListElement":[{"@type":"ListItem","position":1,"name":"Home","item":"https:\/\/www.fabivt.it\/wp\/"},{"@type":"ListItem","position":2,"name":"Un ramo della Banca popolare del Lazio confluisce nella Banca sviluppo Tuscia"}]},{"@type":"WebSite","@id":"https:\/\/www.fabivt.it\/wp\/#website","url":"https:\/\/www.fabivt.it\/wp\/","name":"FABI - Federazione autonoma bancari Viterbo","description":"Federazione Autonoma Bancari Italiani","publisher":{"@id":"https:\/\/www.fabivt.it\/wp\/#organization"},"potentialAction":[{"@type":"SearchAction","target":{"@type":"EntryPoint","urlTemplate":"https:\/\/www.fabivt.it\/wp\/?s={search_term_string}"},"query-input":{"@type":"PropertyValueSpecification","valueRequired":true,"valueName":"search_term_string"}}],"inLanguage":"it-IT"},{"@type":"Organization","@id":"https:\/\/www.fabivt.it\/wp\/#organization","name":"FABI","url":"https:\/\/www.fabivt.it\/wp\/","logo":{"@type":"ImageObject","inLanguage":"it-IT","@id":"https:\/\/www.fabivt.it\/wp\/#\/schema\/logo\/image\/","url":"https:\/\/www.fabivt.it\/wp\/wp-content\/uploads\/2019\/11\/logo4.png","contentUrl":"https:\/\/www.fabivt.it\/wp\/wp-content\/uploads\/2019\/11\/logo4.png","width":316,"height":320,"caption":"FABI"},"image":{"@id":"https:\/\/www.fabivt.it\/wp\/#\/schema\/logo\/image\/"},"sameAs":["https:\/\/www.facebook.com\/fabivt.it","https:\/\/x.com\/FABIVITERBO"]},{"@type":"Person","@id":"https:\/\/www.fabivt.it\/wp\/#\/schema\/person\/597a66507fe15fe7bce3508477db1188","name":"Redazione Fabi","image":{"@type":"ImageObject","inLanguage":"it-IT","@id":"https:\/\/www.fabivt.it\/wp\/#\/schema\/person\/image\/","url":"https:\/\/secure.gravatar.com\/avatar\/2e631c69cdab369cbd1a3c6e2c225f8d8889deea49544ec033021c2235151f9b?s=96&d=mm&r=g","contentUrl":"https:\/\/secure.gravatar.com\/avatar\/2e631c69cdab369cbd1a3c6e2c225f8d8889deea49544ec033021c2235151f9b?s=96&d=mm&r=g","caption":"Redazione Fabi"},"url":"https:\/\/www.fabivt.it\/wp\/author\/redazione-fabi\/"}]}},"jetpack_featured_media_url":"https:\/\/www.fabivt.it\/wp\/wp-content\/uploads\/2020\/12\/banca_sviluppo_tuscia.jpg","jetpack_sharing_enabled":true,"_links":{"self":[{"href":"https:\/\/www.fabivt.it\/wp\/wp-json\/wp\/v2\/posts\/2433","targetHints":{"allow":["GET"]}}],"collection":[{"href":"https:\/\/www.fabivt.it\/wp\/wp-json\/wp\/v2\/posts"}],"about":[{"href":"https:\/\/www.fabivt.it\/wp\/wp-json\/wp\/v2\/types\/post"}],"author":[{"embeddable":true,"href":"https:\/\/www.fabivt.it\/wp\/wp-json\/wp\/v2\/users\/3"}],"replies":[{"embeddable":true,"href":"https:\/\/www.fabivt.it\/wp\/wp-json\/wp\/v2\/comments?post=2433"}],"version-history":[{"count":1,"href":"https:\/\/www.fabivt.it\/wp\/wp-json\/wp\/v2\/posts\/2433\/revisions"}],"predecessor-version":[{"id":2435,"href":"https:\/\/www.fabivt.it\/wp\/wp-json\/wp\/v2\/posts\/2433\/revisions\/2435"}],"wp:featuredmedia":[{"embeddable":true,"href":"https:\/\/www.fabivt.it\/wp\/wp-json\/wp\/v2\/media\/2434"}],"wp:attachment":[{"href":"https:\/\/www.fabivt.it\/wp\/wp-json\/wp\/v2\/media?parent=2433"}],"wp:term":[{"taxonomy":"category","embeddable":true,"href":"https:\/\/www.fabivt.it\/wp\/wp-json\/wp\/v2\/categories?post=2433"},{"taxonomy":"post_tag","embeddable":true,"href":"https:\/\/www.fabivt.it\/wp\/wp-json\/wp\/v2\/tags?post=2433"}],"curies":[{"name":"wp","href":"https:\/\/api.w.org\/{rel}","templated":true}]}}