{"id":2400,"date":"2020-11-25T13:33:13","date_gmt":"2020-11-25T12:33:13","guid":{"rendered":"https:\/\/www.fabivt.it\/wp\/?p=2400"},"modified":"2020-11-25T13:33:13","modified_gmt":"2020-11-25T12:33:13","slug":"giornata-contro-la-violenza-sulle-donne-le-parole-sono-importanti","status":"publish","type":"post","link":"https:\/\/www.fabivt.it\/wp\/giornata-contro-la-violenza-sulle-donne-le-parole-sono-importanti\/","title":{"rendered":"Giornata contro la violenza sulle donne &#8220;Le parole sono importanti&#8221;"},"content":{"rendered":"<p>\u201cLe parole sono importanti\u201d: \u00e8 il titolo che la Fabi ha scelto per la sua campagna lanciata oggi sui social network in occasione della Giornata mondiale contro la violenza sulle donne. \u00abSe cerchi una giustificazione alla violenza sulle donne, il violento sei tu\u00bb si legge nelle immagini realizzate dalla Fabi. \u00abViolenza sulle donne \u00e8 chiedere come era vestita\u00bb, \u00e8 dire \u00abse l\u2019\u00e8 cercata\u00bb oppure \u00abavete voluto la parit\u00e0\u00bb. Obiettivo della campagna \u00e8, appunto, mettere in evidenza il peso delle parole: la violenza di genere \u00e8 una violazione dei diritti umani, violenza che non \u00e8 solo fisica, ma anche psicologica e verbale. Anche le parole lasciano segni e lividi.<\/p>\n<p>Roma, 25 novembre 2020<\/p>\n<p>&nbsp;<\/p>\n<div id='gallery-1' class='gallery galleryid-2400 gallery-columns-2 gallery-size-medium'><figure class='gallery-item'>\n\t\t\t<div class='gallery-icon portrait'>\n\t\t\t\t<a href='https:\/\/www.fabivt.it\/wp\/giornata-contro-la-violenza-sulle-donne-le-parole-sono-importanti\/violenza_donne_1\/'><img loading=\"lazy\" decoding=\"async\" width=\"227\" height=\"300\" src=\"https:\/\/www.fabivt.it\/wp\/wp-content\/uploads\/2020\/11\/violenza_donne_1-227x300.jpeg\" class=\"attachment-medium size-medium\" alt=\"\" srcset=\"https:\/\/www.fabivt.it\/wp\/wp-content\/uploads\/2020\/11\/violenza_donne_1-227x300.jpeg 227w, https:\/\/www.fabivt.it\/wp\/wp-content\/uploads\/2020\/11\/violenza_donne_1-774x1024.jpeg 774w, https:\/\/www.fabivt.it\/wp\/wp-content\/uploads\/2020\/11\/violenza_donne_1-768x1016.jpeg 768w, https:\/\/www.fabivt.it\/wp\/wp-content\/uploads\/2020\/11\/violenza_donne_1-1162x1536.jpeg 1162w, https:\/\/www.fabivt.it\/wp\/wp-content\/uploads\/2020\/11\/violenza_donne_1-600x793.jpeg 600w, https:\/\/www.fabivt.it\/wp\/wp-content\/uploads\/2020\/11\/violenza_donne_1.jpeg 1210w\" sizes=\"auto, (max-width: 227px) 100vw, 227px\" \/><\/a>\n\t\t\t<\/div><\/figure><figure class='gallery-item'>\n\t\t\t<div class='gallery-icon portrait'>\n\t\t\t\t<a href='https:\/\/www.fabivt.it\/wp\/giornata-contro-la-violenza-sulle-donne-le-parole-sono-importanti\/violenza-donne-2\/'><img loading=\"lazy\" decoding=\"async\" width=\"235\" height=\"300\" src=\"https:\/\/www.fabivt.it\/wp\/wp-content\/uploads\/2020\/11\/violenza-donne-2-235x300.jpeg\" class=\"attachment-medium size-medium\" alt=\"\" srcset=\"https:\/\/www.fabivt.it\/wp\/wp-content\/uploads\/2020\/11\/violenza-donne-2-235x300.jpeg 235w, https:\/\/www.fabivt.it\/wp\/wp-content\/uploads\/2020\/11\/violenza-donne-2-801x1024.jpeg 801w, https:\/\/www.fabivt.it\/wp\/wp-content\/uploads\/2020\/11\/violenza-donne-2-768x982.jpeg 768w, https:\/\/www.fabivt.it\/wp\/wp-content\/uploads\/2020\/11\/violenza-donne-2-1201x1536.jpeg 1201w, https:\/\/www.fabivt.it\/wp\/wp-content\/uploads\/2020\/11\/violenza-donne-2-600x767.jpeg 600w, https:\/\/www.fabivt.it\/wp\/wp-content\/uploads\/2020\/11\/violenza-donne-2.jpeg 1242w\" sizes=\"auto, (max-width: 235px) 100vw, 235px\" \/><\/a>\n\t\t\t<\/div><\/figure><figure class='gallery-item'>\n\t\t\t<div class='gallery-icon portrait'>\n\t\t\t\t<a href='https:\/\/www.fabivt.it\/wp\/giornata-contro-la-violenza-sulle-donne-le-parole-sono-importanti\/violenza-donne-3\/'><img loading=\"lazy\" decoding=\"async\" width=\"235\" height=\"300\" src=\"https:\/\/www.fabivt.it\/wp\/wp-content\/uploads\/2020\/11\/violenza-donne-3-235x300.jpeg\" class=\"attachment-medium size-medium\" alt=\"\" srcset=\"https:\/\/www.fabivt.it\/wp\/wp-content\/uploads\/2020\/11\/violenza-donne-3-235x300.jpeg 235w, https:\/\/www.fabivt.it\/wp\/wp-content\/uploads\/2020\/11\/violenza-donne-3-803x1024.jpeg 803w, https:\/\/www.fabivt.it\/wp\/wp-content\/uploads\/2020\/11\/violenza-donne-3-768x979.jpeg 768w, https:\/\/www.fabivt.it\/wp\/wp-content\/uploads\/2020\/11\/violenza-donne-3-1204x1536.jpeg 1204w, https:\/\/www.fabivt.it\/wp\/wp-content\/uploads\/2020\/11\/violenza-donne-3-600x765.jpeg 600w, https:\/\/www.fabivt.it\/wp\/wp-content\/uploads\/2020\/11\/violenza-donne-3.jpeg 1242w\" sizes=\"auto, (max-width: 235px) 100vw, 235px\" \/><\/a>\n\t\t\t<\/div><\/figure><figure class='gallery-item'>\n\t\t\t<div class='gallery-icon portrait'>\n\t\t\t\t<a href='https:\/\/www.fabivt.it\/wp\/giornata-contro-la-violenza-sulle-donne-le-parole-sono-importanti\/violenza-donne-4\/'><img loading=\"lazy\" decoding=\"async\" width=\"237\" height=\"300\" src=\"https:\/\/www.fabivt.it\/wp\/wp-content\/uploads\/2020\/11\/violenza-donne-4-237x300.jpeg\" class=\"attachment-medium size-medium\" alt=\"\" srcset=\"https:\/\/www.fabivt.it\/wp\/wp-content\/uploads\/2020\/11\/violenza-donne-4-237x300.jpeg 237w, https:\/\/www.fabivt.it\/wp\/wp-content\/uploads\/2020\/11\/violenza-donne-4-808x1024.jpeg 808w, https:\/\/www.fabivt.it\/wp\/wp-content\/uploads\/2020\/11\/violenza-donne-4-768x973.jpeg 768w, https:\/\/www.fabivt.it\/wp\/wp-content\/uploads\/2020\/11\/violenza-donne-4-1212x1536.jpeg 1212w, https:\/\/www.fabivt.it\/wp\/wp-content\/uploads\/2020\/11\/violenza-donne-4-600x760.jpeg 600w, https:\/\/www.fabivt.it\/wp\/wp-content\/uploads\/2020\/11\/violenza-donne-4.jpeg 1242w\" sizes=\"auto, (max-width: 237px) 100vw, 237px\" \/><\/a>\n\t\t\t<\/div><\/figure>\n\t\t<\/div>\n\n","protected":false},"excerpt":{"rendered":"<p>\u201cLe parole sono importanti\u201d: \u00e8 il titolo che la Fabi ha scelto per la sua campagna lanciata oggi sui social network in occasione della Giornata mondiale contro la violenza sulle<\/p>\n","protected":false},"author":3,"featured_media":2401,"comment_status":"open","ping_status":"open","sticky":false,"template":"","format":"standard","meta":{"_acf_changed":false,"_jetpack_memberships_contains_paid_content":false,"footnotes":""},"categories":[240,249],"tags":[],"class_list":["post-2400","post","type-post","status-publish","format-standard","has-post-thumbnail","hentry","category-coordinamento-donne","category-notizie"],"acf":[],"yoast_head":"<!-- This site is optimized with the Yoast SEO plugin v26.5 - https:\/\/yoast.com\/wordpress\/plugins\/seo\/ -->\r\n<title>Giornata contro la violenza sulle donne &quot;Le parole sono importanti&quot; - FABI VITERBO<\/title>\r\n<meta name=\"robots\" content=\"index, follow, max-snippet:-1, max-image-preview:large, max-video-preview:-1\" \/>\r\n<link rel=\"canonical\" href=\"https:\/\/www.fabivt.it\/wp\/giornata-contro-la-violenza-sulle-donne-le-parole-sono-importanti\/\" \/>\r\n<meta property=\"og:locale\" content=\"it_IT\" \/>\r\n<meta property=\"og:type\" content=\"article\" \/>\r\n<meta property=\"og:title\" content=\"Giornata contro la violenza sulle donne &quot;Le parole sono importanti&quot; - FABI VITERBO\" \/>\r\n<meta property=\"og:description\" content=\"\u201cLe parole sono importanti\u201d: \u00e8 il titolo che la Fabi ha scelto per la sua campagna lanciata oggi sui social network in occasione della Giornata mondiale contro la violenza sulle\" \/>\r\n<meta property=\"og:url\" content=\"https:\/\/www.fabivt.it\/wp\/giornata-contro-la-violenza-sulle-donne-le-parole-sono-importanti\/\" \/>\r\n<meta property=\"og:site_name\" content=\"FABI VITERBO\" \/>\r\n<meta property=\"article:publisher\" content=\"https:\/\/www.facebook.com\/fabivt.it\" \/>\r\n<meta property=\"article:published_time\" content=\"2020-11-25T12:33:13+00:00\" \/>\r\n<meta property=\"og:image\" content=\"https:\/\/www.fabivt.it\/wp\/wp-content\/uploads\/2020\/11\/gioranta_contro_violenza-donne.jpeg\" \/>\r\n\t<meta property=\"og:image:width\" content=\"700\" \/>\r\n\t<meta property=\"og:image:height\" content=\"450\" \/>\r\n\t<meta property=\"og:image:type\" content=\"image\/jpeg\" \/>\r\n<meta name=\"author\" content=\"Redazione Fabi\" \/>\r\n<meta name=\"twitter:card\" content=\"summary_large_image\" \/>\r\n<meta name=\"twitter:creator\" content=\"@FABIVITERBO\" \/>\r\n<meta name=\"twitter:site\" content=\"@FABIVITERBO\" \/>\r\n<meta name=\"twitter:label1\" content=\"Scritto da\" \/>\n\t<meta name=\"twitter:data1\" content=\"Redazione Fabi\" \/>\n\t<meta name=\"twitter:label2\" content=\"Tempo di lettura stimato\" \/>\n\t<meta name=\"twitter:data2\" content=\"1 minuto\" \/>\r\n<script type=\"application\/ld+json\" class=\"yoast-schema-graph\">{\"@context\":\"https:\/\/schema.org\",\"@graph\":[{\"@type\":\"Article\",\"@id\":\"https:\/\/www.fabivt.it\/wp\/giornata-contro-la-violenza-sulle-donne-le-parole-sono-importanti\/#article\",\"isPartOf\":{\"@id\":\"https:\/\/www.fabivt.it\/wp\/giornata-contro-la-violenza-sulle-donne-le-parole-sono-importanti\/\"},\"author\":{\"name\":\"Redazione Fabi\",\"@id\":\"https:\/\/www.fabivt.it\/wp\/#\/schema\/person\/597a66507fe15fe7bce3508477db1188\"},\"headline\":\"Giornata contro la violenza sulle donne &#8220;Le parole sono importanti&#8221;\",\"datePublished\":\"2020-11-25T12:33:13+00:00\",\"mainEntityOfPage\":{\"@id\":\"https:\/\/www.fabivt.it\/wp\/giornata-contro-la-violenza-sulle-donne-le-parole-sono-importanti\/\"},\"wordCount\":120,\"commentCount\":0,\"publisher\":{\"@id\":\"https:\/\/www.fabivt.it\/wp\/#organization\"},\"image\":{\"@id\":\"https:\/\/www.fabivt.it\/wp\/giornata-contro-la-violenza-sulle-donne-le-parole-sono-importanti\/#primaryimage\"},\"thumbnailUrl\":\"https:\/\/www.fabivt.it\/wp\/wp-content\/uploads\/2020\/11\/gioranta_contro_violenza-donne.jpeg\",\"articleSection\":[\"Coordinamento Donne\",\"Notizie\"],\"inLanguage\":\"it-IT\",\"potentialAction\":[{\"@type\":\"CommentAction\",\"name\":\"Comment\",\"target\":[\"https:\/\/www.fabivt.it\/wp\/giornata-contro-la-violenza-sulle-donne-le-parole-sono-importanti\/#respond\"]}]},{\"@type\":\"WebPage\",\"@id\":\"https:\/\/www.fabivt.it\/wp\/giornata-contro-la-violenza-sulle-donne-le-parole-sono-importanti\/\",\"url\":\"https:\/\/www.fabivt.it\/wp\/giornata-contro-la-violenza-sulle-donne-le-parole-sono-importanti\/\",\"name\":\"Giornata contro la violenza sulle donne \\\"Le parole sono importanti\\\" - FABI VITERBO\",\"isPartOf\":{\"@id\":\"https:\/\/www.fabivt.it\/wp\/#website\"},\"primaryImageOfPage\":{\"@id\":\"https:\/\/www.fabivt.it\/wp\/giornata-contro-la-violenza-sulle-donne-le-parole-sono-importanti\/#primaryimage\"},\"image\":{\"@id\":\"https:\/\/www.fabivt.it\/wp\/giornata-contro-la-violenza-sulle-donne-le-parole-sono-importanti\/#primaryimage\"},\"thumbnailUrl\":\"https:\/\/www.fabivt.it\/wp\/wp-content\/uploads\/2020\/11\/gioranta_contro_violenza-donne.jpeg\",\"datePublished\":\"2020-11-25T12:33:13+00:00\",\"breadcrumb\":{\"@id\":\"https:\/\/www.fabivt.it\/wp\/giornata-contro-la-violenza-sulle-donne-le-parole-sono-importanti\/#breadcrumb\"},\"inLanguage\":\"it-IT\",\"potentialAction\":[{\"@type\":\"ReadAction\",\"target\":[\"https:\/\/www.fabivt.it\/wp\/giornata-contro-la-violenza-sulle-donne-le-parole-sono-importanti\/\"]}]},{\"@type\":\"ImageObject\",\"inLanguage\":\"it-IT\",\"@id\":\"https:\/\/www.fabivt.it\/wp\/giornata-contro-la-violenza-sulle-donne-le-parole-sono-importanti\/#primaryimage\",\"url\":\"https:\/\/www.fabivt.it\/wp\/wp-content\/uploads\/2020\/11\/gioranta_contro_violenza-donne.jpeg\",\"contentUrl\":\"https:\/\/www.fabivt.it\/wp\/wp-content\/uploads\/2020\/11\/gioranta_contro_violenza-donne.jpeg\",\"width\":700,\"height\":450,\"caption\":\"La campagna della FABI contro la violenza sulle donne\"},{\"@type\":\"BreadcrumbList\",\"@id\":\"https:\/\/www.fabivt.it\/wp\/giornata-contro-la-violenza-sulle-donne-le-parole-sono-importanti\/#breadcrumb\",\"itemListElement\":[{\"@type\":\"ListItem\",\"position\":1,\"name\":\"Home\",\"item\":\"https:\/\/www.fabivt.it\/wp\/\"},{\"@type\":\"ListItem\",\"position\":2,\"name\":\"Giornata contro la violenza sulle donne &#8220;Le parole sono importanti&#8221;\"}]},{\"@type\":\"WebSite\",\"@id\":\"https:\/\/www.fabivt.it\/wp\/#website\",\"url\":\"https:\/\/www.fabivt.it\/wp\/\",\"name\":\"FABI - Federazione autonoma bancari Viterbo\",\"description\":\"Federazione Autonoma Bancari Italiani\",\"publisher\":{\"@id\":\"https:\/\/www.fabivt.it\/wp\/#organization\"},\"potentialAction\":[{\"@type\":\"SearchAction\",\"target\":{\"@type\":\"EntryPoint\",\"urlTemplate\":\"https:\/\/www.fabivt.it\/wp\/?s={search_term_string}\"},\"query-input\":{\"@type\":\"PropertyValueSpecification\",\"valueRequired\":true,\"valueName\":\"search_term_string\"}}],\"inLanguage\":\"it-IT\"},{\"@type\":\"Organization\",\"@id\":\"https:\/\/www.fabivt.it\/wp\/#organization\",\"name\":\"FABI\",\"url\":\"https:\/\/www.fabivt.it\/wp\/\",\"logo\":{\"@type\":\"ImageObject\",\"inLanguage\":\"it-IT\",\"@id\":\"https:\/\/www.fabivt.it\/wp\/#\/schema\/logo\/image\/\",\"url\":\"https:\/\/www.fabivt.it\/wp\/wp-content\/uploads\/2019\/11\/logo4.png\",\"contentUrl\":\"https:\/\/www.fabivt.it\/wp\/wp-content\/uploads\/2019\/11\/logo4.png\",\"width\":316,\"height\":320,\"caption\":\"FABI\"},\"image\":{\"@id\":\"https:\/\/www.fabivt.it\/wp\/#\/schema\/logo\/image\/\"},\"sameAs\":[\"https:\/\/www.facebook.com\/fabivt.it\",\"https:\/\/x.com\/FABIVITERBO\"]},{\"@type\":\"Person\",\"@id\":\"https:\/\/www.fabivt.it\/wp\/#\/schema\/person\/597a66507fe15fe7bce3508477db1188\",\"name\":\"Redazione Fabi\",\"image\":{\"@type\":\"ImageObject\",\"inLanguage\":\"it-IT\",\"@id\":\"https:\/\/www.fabivt.it\/wp\/#\/schema\/person\/image\/\",\"url\":\"https:\/\/secure.gravatar.com\/avatar\/2e631c69cdab369cbd1a3c6e2c225f8d8889deea49544ec033021c2235151f9b?s=96&d=mm&r=g\",\"contentUrl\":\"https:\/\/secure.gravatar.com\/avatar\/2e631c69cdab369cbd1a3c6e2c225f8d8889deea49544ec033021c2235151f9b?s=96&d=mm&r=g\",\"caption\":\"Redazione Fabi\"},\"url\":\"https:\/\/www.fabivt.it\/wp\/author\/redazione-fabi\/\"}]}<\/script>\r\n<!-- \/ Yoast SEO plugin. -->","yoast_head_json":{"title":"Giornata contro la violenza sulle donne \"Le parole sono importanti\" - FABI VITERBO","robots":{"index":"index","follow":"follow","max-snippet":"max-snippet:-1","max-image-preview":"max-image-preview:large","max-video-preview":"max-video-preview:-1"},"canonical":"https:\/\/www.fabivt.it\/wp\/giornata-contro-la-violenza-sulle-donne-le-parole-sono-importanti\/","og_locale":"it_IT","og_type":"article","og_title":"Giornata contro la violenza sulle donne \"Le parole sono importanti\" - FABI VITERBO","og_description":"\u201cLe parole sono importanti\u201d: \u00e8 il titolo che la Fabi ha scelto per la sua campagna lanciata oggi sui social network in occasione della Giornata mondiale contro la violenza sulle","og_url":"https:\/\/www.fabivt.it\/wp\/giornata-contro-la-violenza-sulle-donne-le-parole-sono-importanti\/","og_site_name":"FABI VITERBO","article_publisher":"https:\/\/www.facebook.com\/fabivt.it","article_published_time":"2020-11-25T12:33:13+00:00","og_image":[{"width":700,"height":450,"url":"https:\/\/www.fabivt.it\/wp\/wp-content\/uploads\/2020\/11\/gioranta_contro_violenza-donne.jpeg","type":"image\/jpeg"}],"author":"Redazione Fabi","twitter_card":"summary_large_image","twitter_creator":"@FABIVITERBO","twitter_site":"@FABIVITERBO","twitter_misc":{"Scritto da":"Redazione Fabi","Tempo di lettura stimato":"1 minuto"},"schema":{"@context":"https:\/\/schema.org","@graph":[{"@type":"Article","@id":"https:\/\/www.fabivt.it\/wp\/giornata-contro-la-violenza-sulle-donne-le-parole-sono-importanti\/#article","isPartOf":{"@id":"https:\/\/www.fabivt.it\/wp\/giornata-contro-la-violenza-sulle-donne-le-parole-sono-importanti\/"},"author":{"name":"Redazione Fabi","@id":"https:\/\/www.fabivt.it\/wp\/#\/schema\/person\/597a66507fe15fe7bce3508477db1188"},"headline":"Giornata contro la violenza sulle donne &#8220;Le parole sono importanti&#8221;","datePublished":"2020-11-25T12:33:13+00:00","mainEntityOfPage":{"@id":"https:\/\/www.fabivt.it\/wp\/giornata-contro-la-violenza-sulle-donne-le-parole-sono-importanti\/"},"wordCount":120,"commentCount":0,"publisher":{"@id":"https:\/\/www.fabivt.it\/wp\/#organization"},"image":{"@id":"https:\/\/www.fabivt.it\/wp\/giornata-contro-la-violenza-sulle-donne-le-parole-sono-importanti\/#primaryimage"},"thumbnailUrl":"https:\/\/www.fabivt.it\/wp\/wp-content\/uploads\/2020\/11\/gioranta_contro_violenza-donne.jpeg","articleSection":["Coordinamento Donne","Notizie"],"inLanguage":"it-IT","potentialAction":[{"@type":"CommentAction","name":"Comment","target":["https:\/\/www.fabivt.it\/wp\/giornata-contro-la-violenza-sulle-donne-le-parole-sono-importanti\/#respond"]}]},{"@type":"WebPage","@id":"https:\/\/www.fabivt.it\/wp\/giornata-contro-la-violenza-sulle-donne-le-parole-sono-importanti\/","url":"https:\/\/www.fabivt.it\/wp\/giornata-contro-la-violenza-sulle-donne-le-parole-sono-importanti\/","name":"Giornata contro la violenza sulle donne \"Le parole sono importanti\" - FABI VITERBO","isPartOf":{"@id":"https:\/\/www.fabivt.it\/wp\/#website"},"primaryImageOfPage":{"@id":"https:\/\/www.fabivt.it\/wp\/giornata-contro-la-violenza-sulle-donne-le-parole-sono-importanti\/#primaryimage"},"image":{"@id":"https:\/\/www.fabivt.it\/wp\/giornata-contro-la-violenza-sulle-donne-le-parole-sono-importanti\/#primaryimage"},"thumbnailUrl":"https:\/\/www.fabivt.it\/wp\/wp-content\/uploads\/2020\/11\/gioranta_contro_violenza-donne.jpeg","datePublished":"2020-11-25T12:33:13+00:00","breadcrumb":{"@id":"https:\/\/www.fabivt.it\/wp\/giornata-contro-la-violenza-sulle-donne-le-parole-sono-importanti\/#breadcrumb"},"inLanguage":"it-IT","potentialAction":[{"@type":"ReadAction","target":["https:\/\/www.fabivt.it\/wp\/giornata-contro-la-violenza-sulle-donne-le-parole-sono-importanti\/"]}]},{"@type":"ImageObject","inLanguage":"it-IT","@id":"https:\/\/www.fabivt.it\/wp\/giornata-contro-la-violenza-sulle-donne-le-parole-sono-importanti\/#primaryimage","url":"https:\/\/www.fabivt.it\/wp\/wp-content\/uploads\/2020\/11\/gioranta_contro_violenza-donne.jpeg","contentUrl":"https:\/\/www.fabivt.it\/wp\/wp-content\/uploads\/2020\/11\/gioranta_contro_violenza-donne.jpeg","width":700,"height":450,"caption":"La campagna della FABI contro la violenza sulle donne"},{"@type":"BreadcrumbList","@id":"https:\/\/www.fabivt.it\/wp\/giornata-contro-la-violenza-sulle-donne-le-parole-sono-importanti\/#breadcrumb","itemListElement":[{"@type":"ListItem","position":1,"name":"Home","item":"https:\/\/www.fabivt.it\/wp\/"},{"@type":"ListItem","position":2,"name":"Giornata contro la violenza sulle donne &#8220;Le parole sono importanti&#8221;"}]},{"@type":"WebSite","@id":"https:\/\/www.fabivt.it\/wp\/#website","url":"https:\/\/www.fabivt.it\/wp\/","name":"FABI - Federazione autonoma bancari Viterbo","description":"Federazione Autonoma Bancari Italiani","publisher":{"@id":"https:\/\/www.fabivt.it\/wp\/#organization"},"potentialAction":[{"@type":"SearchAction","target":{"@type":"EntryPoint","urlTemplate":"https:\/\/www.fabivt.it\/wp\/?s={search_term_string}"},"query-input":{"@type":"PropertyValueSpecification","valueRequired":true,"valueName":"search_term_string"}}],"inLanguage":"it-IT"},{"@type":"Organization","@id":"https:\/\/www.fabivt.it\/wp\/#organization","name":"FABI","url":"https:\/\/www.fabivt.it\/wp\/","logo":{"@type":"ImageObject","inLanguage":"it-IT","@id":"https:\/\/www.fabivt.it\/wp\/#\/schema\/logo\/image\/","url":"https:\/\/www.fabivt.it\/wp\/wp-content\/uploads\/2019\/11\/logo4.png","contentUrl":"https:\/\/www.fabivt.it\/wp\/wp-content\/uploads\/2019\/11\/logo4.png","width":316,"height":320,"caption":"FABI"},"image":{"@id":"https:\/\/www.fabivt.it\/wp\/#\/schema\/logo\/image\/"},"sameAs":["https:\/\/www.facebook.com\/fabivt.it","https:\/\/x.com\/FABIVITERBO"]},{"@type":"Person","@id":"https:\/\/www.fabivt.it\/wp\/#\/schema\/person\/597a66507fe15fe7bce3508477db1188","name":"Redazione Fabi","image":{"@type":"ImageObject","inLanguage":"it-IT","@id":"https:\/\/www.fabivt.it\/wp\/#\/schema\/person\/image\/","url":"https:\/\/secure.gravatar.com\/avatar\/2e631c69cdab369cbd1a3c6e2c225f8d8889deea49544ec033021c2235151f9b?s=96&d=mm&r=g","contentUrl":"https:\/\/secure.gravatar.com\/avatar\/2e631c69cdab369cbd1a3c6e2c225f8d8889deea49544ec033021c2235151f9b?s=96&d=mm&r=g","caption":"Redazione Fabi"},"url":"https:\/\/www.fabivt.it\/wp\/author\/redazione-fabi\/"}]}},"jetpack_featured_media_url":"https:\/\/www.fabivt.it\/wp\/wp-content\/uploads\/2020\/11\/gioranta_contro_violenza-donne.jpeg","jetpack_sharing_enabled":true,"_links":{"self":[{"href":"https:\/\/www.fabivt.it\/wp\/wp-json\/wp\/v2\/posts\/2400","targetHints":{"allow":["GET"]}}],"collection":[{"href":"https:\/\/www.fabivt.it\/wp\/wp-json\/wp\/v2\/posts"}],"about":[{"href":"https:\/\/www.fabivt.it\/wp\/wp-json\/wp\/v2\/types\/post"}],"author":[{"embeddable":true,"href":"https:\/\/www.fabivt.it\/wp\/wp-json\/wp\/v2\/users\/3"}],"replies":[{"embeddable":true,"href":"https:\/\/www.fabivt.it\/wp\/wp-json\/wp\/v2\/comments?post=2400"}],"version-history":[{"count":1,"href":"https:\/\/www.fabivt.it\/wp\/wp-json\/wp\/v2\/posts\/2400\/revisions"}],"predecessor-version":[{"id":2406,"href":"https:\/\/www.fabivt.it\/wp\/wp-json\/wp\/v2\/posts\/2400\/revisions\/2406"}],"wp:featuredmedia":[{"embeddable":true,"href":"https:\/\/www.fabivt.it\/wp\/wp-json\/wp\/v2\/media\/2401"}],"wp:attachment":[{"href":"https:\/\/www.fabivt.it\/wp\/wp-json\/wp\/v2\/media?parent=2400"}],"wp:term":[{"taxonomy":"category","embeddable":true,"href":"https:\/\/www.fabivt.it\/wp\/wp-json\/wp\/v2\/categories?post=2400"},{"taxonomy":"post_tag","embeddable":true,"href":"https:\/\/www.fabivt.it\/wp\/wp-json\/wp\/v2\/tags?post=2400"}],"curies":[{"name":"wp","href":"https:\/\/api.w.org\/{rel}","templated":true}]}}